{"id":292,"date":"2023-03-10T10:40:35","date_gmt":"2023-03-10T10:40:35","guid":{"rendered":"https:\/\/www.fpmislata.com\/fponfire\/?p=292"},"modified":"2023-03-10T10:40:37","modified_gmt":"2023-03-10T10:40:37","slug":"la-fp-que-esta-por-venir","status":"publish","type":"post","link":"https:\/\/www.fpmislata.com\/fponfire\/2023\/03\/10\/la-fp-que-esta-por-venir\/","title":{"rendered":"La FP que est\u00e1 por venir"},"content":{"rendered":"\n<h3><strong><em>\u00bfQu\u00e9 novedades contempla la Nueva Ley de la FP para los centros educativos?<\/em><\/strong><\/h3>\n\n\n\n<p><a href=\"https:\/\/todofp.es\/dam\/jcr:99d1f05d-2db7-4898-89f8-faec6f3e76af\/dossier-informativo-nueva-ley-fp-2022.pdf\">La nueva Ley de la Formaci\u00f3n Profesional <\/a>ya est\u00e1 en marcha. Se aprob\u00f3 en el Senado en marzo de 2022 y ahora el Ministerio de Educaci\u00f3n y Formaci\u00f3n Profesional est\u00e1 preparando el del decreto de ordenaci\u00f3n, que regular\u00e1 su pr\u00e1ctica probablemente para el <strong>curso 2024-25<\/strong>. En <a href=\"https:\/\/www.fpmislata.com\/wordpress\/\">CIPFP Mislata<\/a> nos ponemos al d\u00eda y, a continuaci\u00f3n, hacemos un resumen de algunas de las novedades que se tendr\u00e1n que incorporar en los centros educativos:\u00a0<\/p>\n\n\n\n<p class=\"has-luminous-vivid-orange-color has-text-color\"><strong>Nuevos m\u00f3dulos obligatorios y optativos<\/strong><\/p>\n\n\n\n<p>La norma contempla las siguientes novedades en cuanto al curriculum de los ciclos formativos:<\/p>\n\n\n\n<div class=\"wp-block-image\"><figure class=\"alignright size-large is-resized\"><img loading=\"lazy\" src=\"https:\/\/www.fpmislata.com\/fponfire\/wp-content\/uploads\/2023\/03\/phrase-learn-english-written-on-sticky-note-with-a-2022-11-08-08-36-41-utc-1024x768.jpg\" alt=\"\" class=\"wp-image-295\" width=\"282\" height=\"211\" srcset=\"https:\/\/www.fpmislata.com\/fponfire\/wp-content\/uploads\/2023\/03\/phrase-learn-english-written-on-sticky-note-with-a-2022-11-08-08-36-41-utc-1024x768.jpg 1024w, https:\/\/www.fpmislata.com\/fponfire\/wp-content\/uploads\/2023\/03\/phrase-learn-english-written-on-sticky-note-with-a-2022-11-08-08-36-41-utc-400x300.jpg 400w, https:\/\/www.fpmislata.com\/fponfire\/wp-content\/uploads\/2023\/03\/phrase-learn-english-written-on-sticky-note-with-a-2022-11-08-08-36-41-utc-768x576.jpg 768w, https:\/\/www.fpmislata.com\/fponfire\/wp-content\/uploads\/2023\/03\/phrase-learn-english-written-on-sticky-note-with-a-2022-11-08-08-36-41-utc-1536x1152.jpg 1536w, https:\/\/www.fpmislata.com\/fponfire\/wp-content\/uploads\/2023\/03\/phrase-learn-english-written-on-sticky-note-with-a-2022-11-08-08-36-41-utc-2048x1536.jpg 2048w, https:\/\/www.fpmislata.com\/fponfire\/wp-content\/uploads\/2023\/03\/phrase-learn-english-written-on-sticky-note-with-a-2022-11-08-08-36-41-utc-80x60.jpg 80w\" sizes=\"(max-width: 282px) 100vw, 282px\" \/><\/figure><\/div>\n\n\n\n<ul><li><strong>Ingl\u00e9s t\u00e9cnico<\/strong> en todos los ciclos. Hasta ahora s\u00f3lo se impart\u00eda en los ciclos superiores, pero a partir del curso 24-25, este m\u00f3dulo ser\u00e1 obligatorio tambi\u00e9n en las titulaciones de grado medio.\u00a0<\/li><li><strong>Digitalizaci\u00f3n<\/strong>: con contenidos comunes para todos los ciclos y espec\u00edficos de aplicaci\u00f3n para cada especialidad.\u00a0<\/li><li><strong>Sostenibilidad<\/strong> del proceso productivo.<\/li><li><strong>Itinerario personal para la empleabilidad<\/strong>: un m\u00f3dulo que se impartir\u00e1 en los dos cursos de cada ciclo y que viene a ser una reformulaci\u00f3n de FOL y de EIE.<\/li><li>Se crear\u00e1n <strong>m\u00f3dulos optativos<\/strong> por primera vez en fp: consisten en profundizar en las nuevas troncales de digitalizaci\u00f3n, ingl\u00e9s y sostenibilidad, y las comunidades aut\u00f3nomas podr\u00e1n dise\u00f1ar otras que se ajusten a su tejido productivo.<\/li><\/ul>\n\n\n\n<p class=\"has-luminous-vivid-orange-color has-text-color\"><strong>Nuevas figuras en los centros educativos<\/strong><\/p>\n\n\n\n<p>La formaci\u00f3n ya no estar\u00e1 \u00fanicamente a cargo de los docentes, la nueva ley contempla la posibilidad de introducir otras figuras que enriquezcan el proceso de aprendizaje del alumnado:<\/p>\n\n\n\n<ul><li><strong>Experto senior docente<\/strong>: pretende aprovechar el conocimiento de los profesores jubilados que quieran ser mentores de los nuevos docentes.<\/li><li><strong>Experto de empresa<\/strong>: podr\u00e1n simultanear su trabajo con la docencia de un m\u00f3dulo siempre que cubran una funci\u00f3n para la que el centro educativo no haya encontrado profesorado.<\/li><li><strong>Experto senior de empresa<\/strong>: pensada para trabajadores que han tenido relaci\u00f3n con un instituto, se hallan cerca de la jubilaci\u00f3n y tienen, por ejemplo, una jornada reducida, la cual podr\u00edan dedicar plenamente a la docencia, desde la empresa o en el centro educativo (que asumir\u00eda su salario).<\/li><\/ul>\n\n\n\n<p class=\"has-luminous-vivid-orange-color has-text-color\"><strong>Generalizaci\u00f3n de la FP dual y m\u00e1s horas en las empresas<\/strong><\/p>\n\n\n\n<div class=\"wp-block-image\"><figure class=\"alignleft size-large is-resized\"><img loading=\"lazy\" src=\"https:\/\/www.fpmislata.com\/fponfire\/wp-content\/uploads\/2023\/03\/young-business-woman-having-fun-working-at-compute-2022-12-09-04-46-59-utc-1024x617.jpg\" alt=\"\" class=\"wp-image-298\" width=\"378\" height=\"228\" srcset=\"https:\/\/www.fpmislata.com\/fponfire\/wp-content\/uploads\/2023\/03\/young-business-woman-having-fun-working-at-compute-2022-12-09-04-46-59-utc-1024x617.jpg 1024w, https:\/\/www.fpmislata.com\/fponfire\/wp-content\/uploads\/2023\/03\/young-business-woman-having-fun-working-at-compute-2022-12-09-04-46-59-utc-400x241.jpg 400w, https:\/\/www.fpmislata.com\/fponfire\/wp-content\/uploads\/2023\/03\/young-business-woman-having-fun-working-at-compute-2022-12-09-04-46-59-utc-768x463.jpg 768w, https:\/\/www.fpmislata.com\/fponfire\/wp-content\/uploads\/2023\/03\/young-business-woman-having-fun-working-at-compute-2022-12-09-04-46-59-utc-1536x926.jpg 1536w, https:\/\/www.fpmislata.com\/fponfire\/wp-content\/uploads\/2023\/03\/young-business-woman-having-fun-working-at-compute-2022-12-09-04-46-59-utc-2048x1235.jpg 2048w, https:\/\/www.fpmislata.com\/fponfire\/wp-content\/uploads\/2023\/03\/young-business-woman-having-fun-working-at-compute-2022-12-09-04-46-59-utc-100x60.jpg 100w\" sizes=\"(max-width: 378px) 100vw, 378px\" \/><\/figure><\/div>\n\n\n\n<p>Con la nueva ley, toda la formaci\u00f3n en centros de trabajo ser\u00e1 en la <strong>modalidad dual <\/strong>para todo el alumnado. Por otro lado, <strong>se ampl\u00eda en un 15% las horas de formaci\u00f3n en las empresas<\/strong>, que podr\u00e1n solicitar ayudas a las administraciones por su participaci\u00f3n en el programa formativo de los alumnos y las alumnas.\u00a0<\/p>\n\n\n\n<p><\/p>\n","protected":false},"excerpt":{"rendered":"<p>\u00bfQu\u00e9 novedades contempla la Nueva Ley de la FP para los centros educativos? La nueva Ley de la Formaci\u00f3n Profesional ya est\u00e1 en marcha. Se aprob\u00f3 en el Senado en marzo de 2022 y ahora el Ministerio de Educaci\u00f3n y Formaci\u00f3n Profesional est\u00e1 preparando el del decreto de ordenaci\u00f3n, que regular\u00e1 su pr\u00e1ctica probablemente para &hellip; <\/p>\n","protected":false},"author":4,"featured_media":293,"comment_status":"open","ping_status":"open","sticky":false,"template":"","format":"standard","meta":{"_mi_skip_tracking":false},"categories":[4],"tags":[],"_links":{"self":[{"href":"https:\/\/www.fpmislata.com\/fponfire\/wp-json\/wp\/v2\/posts\/292"}],"collection":[{"href":"https:\/\/www.fpmislata.com\/fponfire\/wp-json\/wp\/v2\/posts"}],"about":[{"href":"https:\/\/www.fpmislata.com\/fponfire\/wp-json\/wp\/v2\/types\/post"}],"author":[{"embeddable":true,"href":"https:\/\/www.fpmislata.com\/fponfire\/wp-json\/wp\/v2\/users\/4"}],"replies":[{"embeddable":true,"href":"https:\/\/www.fpmislata.com\/fponfire\/wp-json\/wp\/v2\/comments?post=292"}],"version-history":[{"count":7,"href":"https:\/\/www.fpmislata.com\/fponfire\/wp-json\/wp\/v2\/posts\/292\/revisions"}],"predecessor-version":[{"id":303,"href":"https:\/\/www.fpmislata.com\/fponfire\/wp-json\/wp\/v2\/posts\/292\/revisions\/303"}],"wp:featuredmedia":[{"embeddable":true,"href":"https:\/\/www.fpmislata.com\/fponfire\/wp-json\/wp\/v2\/media\/293"}],"wp:attachment":[{"href":"https:\/\/www.fpmislata.com\/fponfire\/wp-json\/wp\/v2\/media?parent=292"}],"wp:term":[{"taxonomy":"category","embeddable":true,"href":"https:\/\/www.fpmislata.com\/fponfire\/wp-json\/wp\/v2\/categories?post=292"},{"taxonomy":"post_tag","embeddable":true,"href":"https:\/\/www.fpmislata.com\/fponfire\/wp-json\/wp\/v2\/tags?post=292"}],"curies":[{"name":"wp","href":"https:\/\/api.w.org\/{rel}","templated":true}]}}