{"id":11032,"date":"2022-11-25T06:50:50","date_gmt":"2022-11-25T10:50:50","guid":{"rendered":"https:\/\/www.fpmislata.com\/wordpress\/?p=11032"},"modified":"2022-11-25T07:10:44","modified_gmt":"2022-11-25T11:10:44","slug":"somos-centro-de-excelencia-en-fp","status":"publish","type":"post","link":"https:\/\/www.fpmislata.com\/wordpress\/somos-centro-de-excelencia-en-fp\/","title":{"rendered":"Somos Centro de Excelencia en FP"},"content":{"rendered":"\t\t<div data-elementor-type=\"wp-post\" data-elementor-id=\"11032\" class=\"elementor elementor-11032\" data-elementor-settings=\"[]\">\n\t\t\t\t\t\t<div class=\"elementor-inner\">\n\t\t\t\t\t\t\t<div class=\"elementor-section-wrap\">\n\t\t\t\t\t\t\t<section class=\"elementor-section elementor-top-section elementor-element elementor-element-73f73751 elementor-section-boxed elementor-section-height-default elementor-section-height-default\" data-id=\"73f73751\" data-element_type=\"section\">\n\t\t\t\t\t\t<div class=\"elementor-container elementor-column-gap-default\">\n\t\t\t\t\t\t\t<div class=\"elementor-row\">\n\t\t\t\t\t<div class=\"elementor-column elementor-col-100 elementor-top-column elementor-element elementor-element-5a8ab74c\" data-id=\"5a8ab74c\" data-element_type=\"column\">\n\t\t\t<div class=\"elementor-column-wrap elementor-element-populated\">\n\t\t\t\t\t\t\t<div class=\"elementor-widget-wrap\">\n\t\t\t\t\t\t<div class=\"elementor-element elementor-element-780f5340 elementor-widget elementor-widget-text-editor\" data-id=\"780f5340\" data-element_type=\"widget\" data-widget_type=\"text-editor.default\">\n\t\t\t\t<div class=\"elementor-widget-container\">\n\t\t\t\t\t\t\t\t<div class=\"elementor-text-editor elementor-clearfix\">\n\t\t\t\t\t<!-- wp:tadv\/classic-paragraph -->\n<p>El Ministerio de Educaci\u00f3n y FP ha seleccionado nuestro centro para formar parte de la red de centros de excelencia de Formaci\u00f3n Profesional.<\/p>\n<p><img loading=\"lazy\" class=\"size-medium wp-image-11034 alignleft lazyload\" src=\"data:image\/gif;base64,R0lGODlhAQABAAAAACH5BAEKAAEALAAAAAABAAEAAAICTAEAOw==\" alt=\"\" width=\"300\" height=\"190\" data-src=\"https:\/\/www.fpmislata.com\/wordpress\/wp-content\/uploads\/Foto_Web-300x190.jpg\">El proyecto cuenta con una financiaci\u00f3n de 3 millones de euros para llevar a cabo los planes de calificaci\u00f3n e integraci\u00f3n, en el marco del componente 20 del Plan de Recuperaci\u00f3n, Transformaci\u00f3n y Resiliencia.<\/p>\n<p>Los tres centros seleccionados en la Comunitat Valenciana son: IES La Marxadella de Torrent (sector audiovisual), el CIPFP Mislata (sector ciberseguridad) y el IES Cotes Baixes (sector fabricaci\u00f3n automatizada).<\/p>\n<!-- \/wp:tadv\/classic-paragraph -->\t\t\t\t\t<\/div>\n\t\t\t\t\t\t<\/div>\n\t\t\t\t<\/div>\n\t\t\t\t\t\t<\/div>\n\t\t\t\t\t<\/div>\n\t\t<\/div>\n\t\t\t\t\t\t\t\t<\/div>\n\t\t\t\t\t<\/div>\n\t\t<\/section>\n\t\t\t\t\t\t<\/div>\n\t\t\t\t\t\t<\/div>\n\t\t\t\t\t<\/div>\n\t\t","protected":false},"excerpt":{"rendered":"<p>El Ministerio de Educaci\u00f3n y FP ha seleccionado nuestro centro para formar parte de la red de centros de excelencia de Formaci\u00f3n Profesional. El proyecto cuenta con una financiaci\u00f3n de 3 millones de euros para llevar a cabo los planes de calificaci\u00f3n e integraci\u00f3n, en el marco del componente 20 del Plan de Recuperaci\u00f3n, Transformaci\u00f3n&hellip;<\/p>\n","protected":false},"author":13,"featured_media":11035,"comment_status":"open","ping_status":"open","sticky":false,"template":"","format":"standard","meta":{"ngg_post_thumbnail":0},"categories":[17],"tags":[],"_links":{"self":[{"href":"https:\/\/www.fpmislata.com\/wordpress\/wp-json\/wp\/v2\/posts\/11032"}],"collection":[{"href":"https:\/\/www.fpmislata.com\/wordpress\/wp-json\/wp\/v2\/posts"}],"about":[{"href":"https:\/\/www.fpmislata.com\/wordpress\/wp-json\/wp\/v2\/types\/post"}],"author":[{"embeddable":true,"href":"https:\/\/www.fpmislata.com\/wordpress\/wp-json\/wp\/v2\/users\/13"}],"replies":[{"embeddable":true,"href":"https:\/\/www.fpmislata.com\/wordpress\/wp-json\/wp\/v2\/comments?post=11032"}],"version-history":[{"count":5,"href":"https:\/\/www.fpmislata.com\/wordpress\/wp-json\/wp\/v2\/posts\/11032\/revisions"}],"predecessor-version":[{"id":12805,"href":"https:\/\/www.fpmislata.com\/wordpress\/wp-json\/wp\/v2\/posts\/11032\/revisions\/12805"}],"wp:featuredmedia":[{"embeddable":true,"href":"https:\/\/www.fpmislata.com\/wordpress\/wp-json\/wp\/v2\/media\/11035"}],"wp:attachment":[{"href":"https:\/\/www.fpmislata.com\/wordpress\/wp-json\/wp\/v2\/media?parent=11032"}],"wp:term":[{"taxonomy":"category","embeddable":true,"href":"https:\/\/www.fpmislata.com\/wordpress\/wp-json\/wp\/v2\/categories?post=11032"},{"taxonomy":"post_tag","embeddable":true,"href":"https:\/\/www.fpmislata.com\/wordpress\/wp-json\/wp\/v2\/tags?post=11032"}],"curies":[{"name":"wp","href":"https:\/\/api.w.org\/{rel}","templated":true}]}}