{"id":11502,"date":"2023-03-29T07:18:38","date_gmt":"2023-03-29T11:18:38","guid":{"rendered":"https:\/\/www.fpmislata.com\/wordpress\/?p=11502"},"modified":"2023-04-01T13:28:56","modified_gmt":"2023-04-01T17:28:56","slug":"dos-alumnas-del-cipfp-mislata-reciben-el-premio-extraordinario-de-fp","status":"publish","type":"post","link":"https:\/\/www.fpmislata.com\/wordpress\/dos-alumnas-del-cipfp-mislata-reciben-el-premio-extraordinario-de-fp\/","title":{"rendered":"Dos alumnas del centro reciben el Premio Extraordinario de FP"},"content":{"rendered":"<p>\u00a1Estamos de enhorabuena!<\/p>\n<p>Dos de nuestras alumnas han obtenido el premio extraordinario de FP (Comunitat Valenciana). En concreto han sido las alumnas de:<\/p>\n<ul>\n<li>CFGM Cuidados Auxiliares de Enfermer\u00eda: Mar\u00eda Palacios Gil<\/li>\n<li>CFGS \u00d3ptica de Anteojer\u00eda: Inmaculada Mateos Dur\u00e1n<\/li>\n<\/ul>\n<p>Adem\u00e1s, la alumna de GS puede ahora optar a los premios Nacionales de FP.<\/p>\n<p>Les ser\u00e1 anotada esta distinci\u00f3n en su expediente acad\u00e9mico y adem\u00e1s , pr\u00f3ximamente, en acto p\u00fablico les dar\u00e1n entrega de un diploma por parte de la DG de FP<\/p>\n<p>Toda la informaci\u00f3n en:<\/p>\n<p>RESOLUCI\u00d3 de 14 de mar\u00e7 de 2023, de la Direcci\u00f3 General de Formaci\u00f3 Professional i Ensenyaments de R\u00e8gim Especial, per la qual s&#8217;adjudiquen els premis extraordinaris de Formaci\u00f3 Professional, convocats per la Resoluci\u00f3 de 4 de juliol de 2022, de la Conselleria d&#8217;Educaci\u00f3, Cultura i Esport, corresponents al curs 2021-2022.<\/p>\n<p><a href=\"https:\/\/dogv.gva.es\/datos\/2023\/03\/28\/pdf\/2023_2877.pdf\">https:\/\/dogv.gva.es\/datos\/2023\/03\/28\/pdf\/2023_2877.pdf<\/a><\/p>\n","protected":false},"excerpt":{"rendered":"<p>\u00a1Estamos de enhorabuena! Dos de nuestras alumnas han obtenido el premio extraordinario de FP (Comunitat Valenciana). En concreto han sido las alumnas de: CFGM Cuidados Auxiliares de Enfermer\u00eda: Mar\u00eda Palacios Gil CFGS \u00d3ptica de Anteojer\u00eda: Inmaculada Mateos Dur\u00e1n Adem\u00e1s, la alumna de GS puede ahora optar a los premios Nacionales de FP. Les ser\u00e1 anotada&hellip;<\/p>\n","protected":false},"author":13,"featured_media":11504,"comment_status":"open","ping_status":"open","sticky":false,"template":"","format":"standard","meta":{"ngg_post_thumbnail":0},"categories":[17],"tags":[],"_links":{"self":[{"href":"https:\/\/www.fpmislata.com\/wordpress\/wp-json\/wp\/v2\/posts\/11502"}],"collection":[{"href":"https:\/\/www.fpmislata.com\/wordpress\/wp-json\/wp\/v2\/posts"}],"about":[{"href":"https:\/\/www.fpmislata.com\/wordpress\/wp-json\/wp\/v2\/types\/post"}],"author":[{"embeddable":true,"href":"https:\/\/www.fpmislata.com\/wordpress\/wp-json\/wp\/v2\/users\/13"}],"replies":[{"embeddable":true,"href":"https:\/\/www.fpmislata.com\/wordpress\/wp-json\/wp\/v2\/comments?post=11502"}],"version-history":[{"count":2,"href":"https:\/\/www.fpmislata.com\/wordpress\/wp-json\/wp\/v2\/posts\/11502\/revisions"}],"predecessor-version":[{"id":11530,"href":"https:\/\/www.fpmislata.com\/wordpress\/wp-json\/wp\/v2\/posts\/11502\/revisions\/11530"}],"wp:featuredmedia":[{"embeddable":true,"href":"https:\/\/www.fpmislata.com\/wordpress\/wp-json\/wp\/v2\/media\/11504"}],"wp:attachment":[{"href":"https:\/\/www.fpmislata.com\/wordpress\/wp-json\/wp\/v2\/media?parent=11502"}],"wp:term":[{"taxonomy":"category","embeddable":true,"href":"https:\/\/www.fpmislata.com\/wordpress\/wp-json\/wp\/v2\/categories?post=11502"},{"taxonomy":"post_tag","embeddable":true,"href":"https:\/\/www.fpmislata.com\/wordpress\/wp-json\/wp\/v2\/tags?post=11502"}],"curies":[{"name":"wp","href":"https:\/\/api.w.org\/{rel}","templated":true}]}}