{"id":13,"date":"2016-12-12T10:32:55","date_gmt":"2016-12-12T10:32:55","guid":{"rendered":"http:\/\/www.fpmislata.com\/wordpress\/?p=13"},"modified":"2018-05-11T09:31:30","modified_gmt":"2018-05-11T13:31:30","slug":"a-innovar-escuelas-creativas","status":"publish","type":"post","link":"https:\/\/www.fpmislata.com\/wordpress\/a-innovar-escuelas-creativas\/","title":{"rendered":"A Innovar. Escuelas Creativas"},"content":{"rendered":"<p><a href=\"http:\/\/www.fpmislata.com\/wordpress\/wp-content\/uploads\/escuelas_creativas_ferran_adria.jpg\"><img loading=\"lazy\" class=\"size-large wp-image-1187 aligncenter lazyload\" src=\"data:image\/gif;base64,R0lGODlhAQABAAAAACH5BAEKAAEALAAAAAABAAEAAAICTAEAOw==\" alt=\"\" width=\"640\" height=\"427\" data-src=\"http:\/\/www.fpmislata.com\/wordpress\/wp-content\/uploads\/escuelas_creativas_ferran_adria-1024x683.jpg\"><\/a><\/p>\n<p>\u00a1\u00a1 Hemos sido seleccionados para participar, junto con otros 18 centros educativos, en un proceso de transformaci\u00f3n educativa basada en la innovaci\u00f3n y la creatividad de Ferran Adri\u00e0 !!. Comienza la aventura <a href=\"https:\/\/www.fundaciontelefonica.com\/educacion_innovacion\/escuelas-creativas-ferran-adria\/\" target=\"_blank\" rel=\"noopener\">Escuelas Creativas de la Fundaci\u00f3n Telef\u00f3nica<\/a><\/p>\n<p>&nbsp;<\/p>\n<p>Seg\u00fan los datos facilitados por la organizaci\u00f3n, desde octubre de 2016 a enero de 2017, muchos centros educativos presentaron sus proyectos de transformaci\u00f3n a \u2018<a href=\"https:\/\/ferranadria.fundaciontelefonica.com\/escuelascreativas\/blog\/2017\/01\/27\/escuelas-creativas-adria-aterrizan-centros-educativos-toda-espana\/?utm_source=comunicacion&amp;utm_campaign=semana01302017&amp;utm_medium=boletines\" target=\"_blank\" rel=\"noopener\">Escuelas Creativas<\/a>\u2019, indicando sus aspectos a cambiar y el por qu\u00e9 del reto. Tras la selecci\u00f3n del jurado, \u2018Escuelas Creativas\u2019 tendr\u00e1 representaci\u00f3n en todo el territorio nacional.<\/p>\n<p>Durante el proceso creativo de transformaci\u00f3n contaremos con encuentros con profesionales, un kit de material educativo dise\u00f1ado espec\u00edficamente para nosotros y un seguimiento cercano por parte de los tutores.<\/p>\n<p>En CIPFP Mislata somos un centro innovador, y con nuevos retos cada a\u00f1o. Estamos realmente agradecidos de poder participar en este proyecto porque es la oportunidad de poder aprender y descubrir nuevas metodolog\u00edas que favorezcan el aprendizaje tanto nuestro como profesores, as\u00ed como de nuestros alumnos, y facilite su inserci\u00f3n laboral de acuerdo a las demandas profesionales de nuestro siglo, pero sobre todo contribuir a su enriquecimiento personal y profesional.<\/p>\n<ul>\n<li><a href=\"https:\/\/youtu.be\/ld_0szCUOnI\" target=\"_blank\" rel=\"noopener\">V\u00eddeo explicativo del proyecto &#8216;Escuelas Creativas&#8217;<\/a><\/li>\n<\/ul>\n<p>Imagen: Fundaci\u00f3n Telef\u00f3nica.<\/p>\n","protected":false},"excerpt":{"rendered":"<p>\u00a1\u00a1 Hemos sido seleccionados para participar, junto con otros 18 centros educativos, en un proceso de transformaci\u00f3n educativa basada en la innovaci\u00f3n y la creatividad de Ferran Adri\u00e0 !!. Comienza la aventura Escuelas Creativas de la Fundaci\u00f3n Telef\u00f3nica &nbsp; Seg\u00fan los datos facilitados por la organizaci\u00f3n, desde octubre de 2016 a enero de 2017, muchos&hellip;<\/p>\n","protected":false},"author":1,"featured_media":1190,"comment_status":"open","ping_status":"open","sticky":false,"template":"","format":"standard","meta":{"ngg_post_thumbnail":0},"categories":[17],"tags":[13,8,9,10,12,11],"_links":{"self":[{"href":"https:\/\/www.fpmislata.com\/wordpress\/wp-json\/wp\/v2\/posts\/13"}],"collection":[{"href":"https:\/\/www.fpmislata.com\/wordpress\/wp-json\/wp\/v2\/posts"}],"about":[{"href":"https:\/\/www.fpmislata.com\/wordpress\/wp-json\/wp\/v2\/types\/post"}],"author":[{"embeddable":true,"href":"https:\/\/www.fpmislata.com\/wordpress\/wp-json\/wp\/v2\/users\/1"}],"replies":[{"embeddable":true,"href":"https:\/\/www.fpmislata.com\/wordpress\/wp-json\/wp\/v2\/comments?post=13"}],"version-history":[{"count":0,"href":"https:\/\/www.fpmislata.com\/wordpress\/wp-json\/wp\/v2\/posts\/13\/revisions"}],"wp:featuredmedia":[{"embeddable":true,"href":"https:\/\/www.fpmislata.com\/wordpress\/wp-json\/wp\/v2\/media\/1190"}],"wp:attachment":[{"href":"https:\/\/www.fpmislata.com\/wordpress\/wp-json\/wp\/v2\/media?parent=13"}],"wp:term":[{"taxonomy":"category","embeddable":true,"href":"https:\/\/www.fpmislata.com\/wordpress\/wp-json\/wp\/v2\/categories?post=13"},{"taxonomy":"post_tag","embeddable":true,"href":"https:\/\/www.fpmislata.com\/wordpress\/wp-json\/wp\/v2\/tags?post=13"}],"curies":[{"name":"wp","href":"https:\/\/api.w.org\/{rel}","templated":true}]}}