{"id":1526,"date":"2018-04-21T10:57:26","date_gmt":"2018-04-21T14:57:26","guid":{"rendered":"http:\/\/www.fpmislata.com\/wordpress\/?p=1526"},"modified":"2018-05-27T12:33:26","modified_gmt":"2018-05-27T16:33:26","slug":"charla-informatica","status":"publish","type":"post","link":"https:\/\/www.fpmislata.com\/wordpress\/charla-informatica\/","title":{"rendered":"Charla Inform\u00e1tica"},"content":{"rendered":"<p>El&nbsp;<strong>martes 12 de diciembre a las 16:00<\/strong>&nbsp;en nuestro sal\u00f3n de actos se celebrar\u00e1n dos charlas de empresas del sector inform\u00e1tico con las que trabajamos en FCT y DUAL \u00ab<em><strong>EasyPyme<\/strong><\/em>\u00bb y \u00ab<strong><em>Praxya<\/em><\/strong>\u00ab. En ellas trabajan varios antiguos alumnos de inform\u00e1tica.<\/p>\n<table class=\"aligncenter\" style=\"height: 113px; width: 40.7258%; border-collapse: collapse; border-style: none;\" border=\"1\">\n<tbody>\n<tr style=\"height: 88px;\">\n<td style=\"width: 18.6767%; height: 88px; border-style: none;\"><img loading=\"lazy\" class=\"wp-image-1559 aligncenter lazyload\" src=\"data:image\/gif;base64,R0lGODlhAQABAAAAACH5BAEKAAEALAAAAAABAAEAAAICTAEAOw==\" alt=\"\" width=\"228\" height=\"53\" data-src=\"http:\/\/www.fpmislata.com\/wordpress\/wp-content\/uploads\/LogoPraxya.jpg\"><\/td>\n<td style=\"width: 13.6644%; height: 88px; border-style: none;\"><a href=\"http:\/\/www.fpmislata.com\/wordpress\/wp-content\/uploads\/logoEasyPyme.png\"><img loading=\"lazy\" class=\"wp-image-1558 aligncenter lazyload\" src=\"data:image\/gif;base64,R0lGODlhAQABAAAAACH5BAEKAAEALAAAAAABAAEAAAICTAEAOw==\" alt=\"\" width=\"179\" height=\"135\" data-src=\"http:\/\/www.fpmislata.com\/wordpress\/wp-content\/uploads\/logoEasyPyme.png\"><\/a><\/td>\n<\/tr>\n<\/tbody>\n<\/table>\n<p><a href=\"http:\/\/www.praxya.com\/blog\/2017\/12\/05\/evento-xamarin-jornadas-informaticas-cipfp-mislata\/\" target=\"_blank\" rel=\"noopener\">M\u00e1s informaci\u00f3n<\/a><\/p>\n","protected":false},"excerpt":{"rendered":"<p>El&nbsp;martes 12 de diciembre a las 16:00&nbsp;en nuestro sal\u00f3n de actos se celebrar\u00e1n dos charlas de empresas del sector inform\u00e1tico con las que trabajamos en FCT y DUAL \u00abEasyPyme\u00bb y \u00abPraxya\u00ab. En ellas trabajan varios antiguos alumnos de inform\u00e1tica. M\u00e1s informaci\u00f3n<\/p>\n","protected":false},"author":1,"featured_media":1558,"comment_status":"open","ping_status":"open","sticky":false,"template":"","format":"standard","meta":{"ngg_post_thumbnail":0},"categories":[17],"tags":[],"_links":{"self":[{"href":"https:\/\/www.fpmislata.com\/wordpress\/wp-json\/wp\/v2\/posts\/1526"}],"collection":[{"href":"https:\/\/www.fpmislata.com\/wordpress\/wp-json\/wp\/v2\/posts"}],"about":[{"href":"https:\/\/www.fpmislata.com\/wordpress\/wp-json\/wp\/v2\/types\/post"}],"author":[{"embeddable":true,"href":"https:\/\/www.fpmislata.com\/wordpress\/wp-json\/wp\/v2\/users\/1"}],"replies":[{"embeddable":true,"href":"https:\/\/www.fpmislata.com\/wordpress\/wp-json\/wp\/v2\/comments?post=1526"}],"version-history":[{"count":0,"href":"https:\/\/www.fpmislata.com\/wordpress\/wp-json\/wp\/v2\/posts\/1526\/revisions"}],"wp:featuredmedia":[{"embeddable":true,"href":"https:\/\/www.fpmislata.com\/wordpress\/wp-json\/wp\/v2\/media\/1558"}],"wp:attachment":[{"href":"https:\/\/www.fpmislata.com\/wordpress\/wp-json\/wp\/v2\/media?parent=1526"}],"wp:term":[{"taxonomy":"category","embeddable":true,"href":"https:\/\/www.fpmislata.com\/wordpress\/wp-json\/wp\/v2\/categories?post=1526"},{"taxonomy":"post_tag","embeddable":true,"href":"https:\/\/www.fpmislata.com\/wordpress\/wp-json\/wp\/v2\/tags?post=1526"}],"curies":[{"name":"wp","href":"https:\/\/api.w.org\/{rel}","templated":true}]}}