{"id":2837,"date":"2018-10-26T06:23:43","date_gmt":"2018-10-26T10:23:43","guid":{"rendered":"https:\/\/www.fpmislata.com\/wordpress\/?p=2837"},"modified":"2018-10-26T06:28:52","modified_gmt":"2018-10-26T10:28:52","slug":"jornadas-erasmus","status":"publish","type":"post","link":"https:\/\/www.fpmislata.com\/wordpress\/jornadas-erasmus\/","title":{"rendered":"Jornadas Erasmus"},"content":{"rendered":"<p>Hemos participado en las jornadas de formaci\u00f3n inicial de proyectos de <strong>Asociaciones de Intercambio Escolar (KA229)<\/strong> socios, en Toledo, Universidad de Castilla la Mancha<\/p>\n<p>Servicio Espa\u00f1ol para la Internacionalizaci\u00f3n de la Educaci\u00f3n:&nbsp; &nbsp;&nbsp;<a href=\"http:\/\/sepie.es\" target=\"_blank\" rel=\"noopener\">http:\/\/sepie.es<\/a><\/p>\n<p>Este curso iniciamos un proyecto que finalizar\u00e1 en octubre de 2020<\/p>\n<p><img loading=\"lazy\" class=\"alignnone size-medium wp-image-2840 lazyload\" src=\"data:image\/gif;base64,R0lGODlhAQABAAAAACH5BAEKAAEALAAAAAABAAEAAAICTAEAOw==\" alt=\"\" width=\"300\" height=\"225\" sizes=\"(max-width: 300px) 100vw, 300px\" data-src=\"https:\/\/www.fpmislata.com\/wordpress\/wp-content\/uploads\/Foto-Jornada-300x225.jpg\" data-srcset=\"https:\/\/www.fpmislata.com\/wordpress\/wp-content\/uploads\/Foto-Jornada-300x225.jpg 300w, https:\/\/www.fpmislata.com\/wordpress\/wp-content\/uploads\/Foto-Jornada-768x575.jpg 768w, https:\/\/www.fpmislata.com\/wordpress\/wp-content\/uploads\/Foto-Jornada-800x599.jpg 800w, https:\/\/www.fpmislata.com\/wordpress\/wp-content\/uploads\/Foto-Jornada.jpg 906w\"><img loading=\"lazy\" class=\"alignnone size-medium wp-image-2841 lazyload\" src=\"data:image\/gif;base64,R0lGODlhAQABAAAAACH5BAEKAAEALAAAAAABAAEAAAICTAEAOw==\" alt=\"\" width=\"300\" height=\"86\" sizes=\"(max-width: 300px) 100vw, 300px\" data-src=\"https:\/\/www.fpmislata.com\/wordpress\/wp-content\/uploads\/EU-flag-Erasmus-300x86.png\" data-srcset=\"https:\/\/www.fpmislata.com\/wordpress\/wp-content\/uploads\/EU-flag-Erasmus-300x86.png 300w, https:\/\/www.fpmislata.com\/wordpress\/wp-content\/uploads\/EU-flag-Erasmus-768x219.png 768w, https:\/\/www.fpmislata.com\/wordpress\/wp-content\/uploads\/EU-flag-Erasmus-800x228.png 800w, https:\/\/www.fpmislata.com\/wordpress\/wp-content\/uploads\/EU-flag-Erasmus.png 943w\"><\/p>\n","protected":false},"excerpt":{"rendered":"<p>Hemos participado en las jornadas de formaci\u00f3n inicial de proyectos de Asociaciones de Intercambio Escolar (KA229) socios, en Toledo, Universidad de Castilla la Mancha Servicio Espa\u00f1ol para la Internacionalizaci\u00f3n de la Educaci\u00f3n:&nbsp; &nbsp;&nbsp;http:\/\/sepie.es Este curso iniciamos un proyecto que finalizar\u00e1 en octubre de 2020<\/p>\n","protected":false},"author":3,"featured_media":2839,"comment_status":"open","ping_status":"open","sticky":false,"template":"","format":"standard","meta":{"ngg_post_thumbnail":0},"categories":[2,17],"tags":[],"_links":{"self":[{"href":"https:\/\/www.fpmislata.com\/wordpress\/wp-json\/wp\/v2\/posts\/2837"}],"collection":[{"href":"https:\/\/www.fpmislata.com\/wordpress\/wp-json\/wp\/v2\/posts"}],"about":[{"href":"https:\/\/www.fpmislata.com\/wordpress\/wp-json\/wp\/v2\/types\/post"}],"author":[{"embeddable":true,"href":"https:\/\/www.fpmislata.com\/wordpress\/wp-json\/wp\/v2\/users\/3"}],"replies":[{"embeddable":true,"href":"https:\/\/www.fpmislata.com\/wordpress\/wp-json\/wp\/v2\/comments?post=2837"}],"version-history":[{"count":0,"href":"https:\/\/www.fpmislata.com\/wordpress\/wp-json\/wp\/v2\/posts\/2837\/revisions"}],"wp:featuredmedia":[{"embeddable":true,"href":"https:\/\/www.fpmislata.com\/wordpress\/wp-json\/wp\/v2\/media\/2839"}],"wp:attachment":[{"href":"https:\/\/www.fpmislata.com\/wordpress\/wp-json\/wp\/v2\/media?parent=2837"}],"wp:term":[{"taxonomy":"category","embeddable":true,"href":"https:\/\/www.fpmislata.com\/wordpress\/wp-json\/wp\/v2\/categories?post=2837"},{"taxonomy":"post_tag","embeddable":true,"href":"https:\/\/www.fpmislata.com\/wordpress\/wp-json\/wp\/v2\/tags?post=2837"}],"curies":[{"name":"wp","href":"https:\/\/api.w.org\/{rel}","templated":true}]}}