{"id":4,"date":"2014-01-22T09:46:05","date_gmt":"2014-01-22T09:46:05","guid":{"rendered":"http:\/\/www.fpmislata.com\/wordpress\/?p=4"},"modified":"2018-04-26T16:31:13","modified_gmt":"2018-04-26T20:31:13","slug":"6-edicion-premios-educaweb-3","status":"publish","type":"post","link":"https:\/\/www.fpmislata.com\/wordpress\/6-edicion-premios-educaweb-3\/","title":{"rendered":"6\u00aa Edici\u00f3n de los premios Educaweb (3)"},"content":{"rendered":"<p>El pasado mes de noviembre se celebr\u00f3 en Barcelona la VI edici\u00f3n de los <a href=\"http:\/\/www.educaweb.com\/premios\/ediciones\/6-edicion\/\" target=\"_blank\" rel=\"noopener\">Premios Educaweb de Orientaci\u00f3n Acad\u00e9mica y Profesional<\/a><\/p>\n<figure id=\"attachment_6\" aria-describedby=\"caption-attachment-6\" style=\"width: 250px\" class=\"wp-caption alignnone\"><a href=\"http:\/\/www.educaweb.com\/premios\/ediciones\/6-edicion\/\" target=\"_blank\" rel=\"noopener\"><img loading=\"lazy\" class=\"wp-image-6 size-full lazyload\" src=\"data:image\/gif;base64,R0lGODlhAQABAAAAACH5BAEKAAEALAAAAAABAAEAAAICTAEAOw==\" alt=\"6\u00aa edici\u00f3n premios Educaweb CIPFP Mislata\" width=\"250\" height=\"64\" data-src=\"http:\/\/www.fpmislata.com\/wordpress\/wp-content\/uploads\/2014\/01\/educaweb.jpg\"><\/a><figcaption id=\"caption-attachment-6\" class=\"wp-caption-text\">6\u00aa edici\u00f3n premios Educaweb.<\/figcaption><\/figure>\n<p>En esta edici\u00f3n obtuvo el primer premio en la modalidad individual M\u00aaCruz Garc\u00eda Sanch\u00eds, profesora del CIPFP Mislata, con el trabajo: \u201cAuto Orientaci\u00f3n en tiempo de crisis: una experiencia desde la Formaci\u00f3n Profesional a distancia con Entornos Personales de Aprendizaje\u201d En este trabajo se describe la experiencia llevada a cabo con los alumnos del grado medio de Gesti\u00f3n Administrativa semipresencial durante el curso 2012\/13.<\/p>\n<p><a href=\"http:\/\/www.educaweb.com\/premios\/\" target=\"_blank\" rel=\"noopener\">M\u00e1s informaci\u00f3n<\/a> | <a href=\"http:\/\/www.educaweb.com\/premios\/ediciones\/6-edicion\/\" target=\"_blank\" rel=\"noopener\">Web del premio<\/a><\/p>\n","protected":false},"excerpt":{"rendered":"<p>El pasado mes de noviembre se celebr\u00f3 en Barcelona la VI edici\u00f3n de los Premios Educaweb de Orientaci\u00f3n Acad\u00e9mica y Profesional En esta edici\u00f3n obtuvo el primer premio en la modalidad individual M\u00aaCruz Garc\u00eda Sanch\u00eds, profesora del CIPFP Mislata, con el trabajo: \u201cAuto Orientaci\u00f3n en tiempo de crisis: una experiencia desde la Formaci\u00f3n Profesional a&hellip;<\/p>\n","protected":false},"author":1,"featured_media":6,"comment_status":"open","ping_status":"open","sticky":false,"template":"","format":"standard","meta":{"ngg_post_thumbnail":0},"categories":[17],"tags":[5,3,6,7,4],"_links":{"self":[{"href":"https:\/\/www.fpmislata.com\/wordpress\/wp-json\/wp\/v2\/posts\/4"}],"collection":[{"href":"https:\/\/www.fpmislata.com\/wordpress\/wp-json\/wp\/v2\/posts"}],"about":[{"href":"https:\/\/www.fpmislata.com\/wordpress\/wp-json\/wp\/v2\/types\/post"}],"author":[{"embeddable":true,"href":"https:\/\/www.fpmislata.com\/wordpress\/wp-json\/wp\/v2\/users\/1"}],"replies":[{"embeddable":true,"href":"https:\/\/www.fpmislata.com\/wordpress\/wp-json\/wp\/v2\/comments?post=4"}],"version-history":[{"count":0,"href":"https:\/\/www.fpmislata.com\/wordpress\/wp-json\/wp\/v2\/posts\/4\/revisions"}],"wp:featuredmedia":[{"embeddable":true,"href":"https:\/\/www.fpmislata.com\/wordpress\/wp-json\/wp\/v2\/media\/6"}],"wp:attachment":[{"href":"https:\/\/www.fpmislata.com\/wordpress\/wp-json\/wp\/v2\/media?parent=4"}],"wp:term":[{"taxonomy":"category","embeddable":true,"href":"https:\/\/www.fpmislata.com\/wordpress\/wp-json\/wp\/v2\/categories?post=4"},{"taxonomy":"post_tag","embeddable":true,"href":"https:\/\/www.fpmislata.com\/wordpress\/wp-json\/wp\/v2\/tags?post=4"}],"curies":[{"name":"wp","href":"https:\/\/api.w.org\/{rel}","templated":true}]}}