{"id":4160,"date":"2019-06-05T14:16:21","date_gmt":"2019-06-05T18:16:21","guid":{"rendered":"https:\/\/www.fpmislata.com\/wordpress\/?p=4160"},"modified":"2019-06-05T14:16:21","modified_gmt":"2019-06-05T18:16:21","slug":"ii-jornada-laboratorio","status":"publish","type":"post","link":"https:\/\/www.fpmislata.com\/wordpress\/ii-jornada-laboratorio\/","title":{"rendered":"II Jornada Laboratorio"},"content":{"rendered":"<p><span style=\"font-weight: 400;\">El m\u00edercoles 29 de Mayo tuvo lugar la <\/span><b>II Jornada de Sanidad<\/b><span style=\"font-weight: 400;\">, con el lema <\/span><i><span style=\"font-weight: 400;\">\u201c No sue\u00f1es tu profesi\u00f3n, vive tu sue\u00f1o\u201d <\/span><\/i><i><span style=\"font-weight: 400;\">(Fco Martinez)<\/span><\/i><span style=\"font-weight: 400;\">. A diferencia del curso pasado, este a\u00f1o el evento se realiz\u00f3 en un entorno m\u00e1s cercano e informal, ofreciendo as\u00ed una mayor participaci\u00f3n entre ponentes y alumnos. Fue en la \u201cpecera\u201d, donde los invitados estaban sentados en los sillones a merced de las preguntas de los estudiantes. El objetivo principal de esta jornada fue acercar la realidad profesional a los estudiantes del CFGS Laboratorio Cl\u00ednico y Biom\u00e9dico. &nbsp;Los ponentes invitados fueron:<\/span><\/p>\n<p>&nbsp;<\/p>\n<ol>\n<li><b> Jessica Cede\u00f1o<\/b><span style=\"font-weight: 400;\">: Actualmente trabaja en la empresa Sequencing Multiplex, especializada en Biolog\u00eda molecular. Tras estar a\u00f1os sin estudiar, reanud\u00f3 su formaci\u00f3n en el CIPFP Mislata y una vez cursadas las FCT en esta empresa fue contratada y contin\u00faa actualmente como T\u00e9cnico Superior de Diagn\u00f3stico Cl\u00ednico y Biom\u00e9dico. Jessica nos ha contado su experiencia en las FCT y el d\u00eda a d\u00eda en una empresa start up de Biolog\u00eda Molecular de \u00faltima generaci\u00f3n en la que va creciendo poco a poco y donde cada vez le ofrecen mayores responsabilidades dentro del equipo de trabajo multidisciplinar.<\/span><\/li>\n<\/ol>\n<p>&nbsp;<\/p>\n<ol start=\"2\">\n<li><b> Alicia Serrano: <\/b><span style=\"font-weight: 400;\">Actualmente trabaja en el INCLIVA en el Departamento de Diagn\u00f3stico hematol\u00f3gico del Hospital Cl\u00ednico. Alicia es biotecn\u00f3loga y tras 3 a\u00f1os en el equipo de investigaci\u00f3n cl\u00ednica del hospital nos ha querido poner en valor c\u00f3mo debe ser un buen t\u00e9cnico de laboratorio. Ha recalcado a los estudiantes que hay que ser ambicioso en la vida en el \u00e1rea del saber, sin parar de estudiar, ya sea en el nivel que sea. Hay que trabajar con ganas y a d\u00eda de hoy ya no buscan estudiantes con grandes conocimientos sino estudiantes con grandes \u201cganas de aprender\u201d y con una actitud proactiva que implique preguntarse el porqu\u00e9 de cada experimento de laboratorio.<\/span><\/li>\n<\/ol>\n<p>&nbsp;<\/p>\n<ol start=\"3\">\n<li><b> Dra. Blanca Navarro<\/b><span style=\"font-weight: 400;\">: Actualmente coordina el laboratorio de Hematolog\u00eda del Hospital Cl\u00ednico de Valencia. Blanca nos ha puesto en valor el equipo de trabajo multidisciplinar, la importancia de que cada uno, a su nivel, se de cuenta de que tras cada tubo de sangre hay un paciente y su diagn\u00f3stico depender\u00e1 del buen trabajo que realice cada miembro de ese equipo del laboratorio. En el hospital est\u00e1n exigiendo un nivel de compromiso, y puesto que en el trabajo casi pasas m\u00e1s tiempo que en casa, debes intentar pasarlo lo mejor posible y por tanto disfrutar de tu trabajo. <\/span><\/li>\n<\/ol>\n<p>&nbsp;<\/p>\n<ol start=\"4\">\n<li><b> Katherine Wilisch:<\/b><span style=\"font-weight: 400;\"> Actualmente trabajando como <\/span><i><span style=\"font-weight: 400;\">Marketing and Comunications Manager <\/span><\/i><span style=\"font-weight: 400;\">en QUIBIM, una empresa biotecnol\u00f3gica de diagn\u00f3stico cl\u00ednico por imagen. Katherine nos ha contado su experiencia profesional desde que curs\u00f3 los estudios de T\u00e9cnico Superior de Laboratorio Cl\u00ednico, posteriormente sus estudios universitarios en Biotecnolog\u00eda y actualmente trabajando en el \u00e1rea de difusi\u00f3n de ciencia, relaciones y Marketing en una empresa destinada a mejorar el diagn\u00f3stico por imagen radiol\u00f3gica para poder mejorar los tratamientos de los pacientes. Ha explicado a los alumnos c\u00f3mo realizar un buen Curr\u00edculum Vitae, una b\u00fasqueda activa de trabajo y una entrevista eficaz, todo ello aplicado a un t\u00e9cnico superior de laboratorio cl\u00ednico.<\/span><\/li>\n<\/ol>\n<p>&nbsp;<\/p>\n<p><span style=\"font-weight: 400;\">El enfoque de este a\u00f1o ha sido acercar el mundo laboral a los estudiantes, que vean que no es lejano estar en una entrevista de trabajo y convertirse en un miembro m\u00e1s de un equipo multidisciplinar donde todos y cada uno son importantes. Como han recalcado los ponentes, lo importante en tus FCT, en tu trabajo o en tu d\u00eda a d\u00eda es hacerse imprescindible y dejar huella all\u00e1 por donde pases.<\/span><\/p>\n<p><i><span style=\"font-weight: 400;\">\u201c No sue\u00f1es tu profesi\u00f3n, vive tu sue\u00f1o\u201d<\/span><\/i><\/p>\n<!-- index.php -->\n<div\n\tclass=\"ngg-galleryoverview ngg-ajax-pagination-none\"\n\tid=\"ngg-gallery-59cb33710a840ab7b0d57296a74bfcfd-1\">\n\n    \t<div class=\"slideshowlink\">\n        <a href='https:\/\/www.fpmislata.com\/wordpress\/ii-jornada-laboratorio\/nggallery\/slideshow'>[Mostrar presentaci\u00f3n de diapositivas]<\/a>\n\t\t\n\t<\/div>\n\t\t\t<!-- Thumbnails -->\n\t\t\t\t<div id=\"ngg-image-0\" class=\"ngg-gallery-thumbnail-box\" >\n\t\t\t\t        <div class=\"ngg-gallery-thumbnail\">\n            <a href=\"https:\/\/www.fpmislata.com\/wordpress\/wp-content\/gallery\/iijornadalaboratorio\/Laboratorio1.jpg\"\n               title=\"\"\n               data-src=\"https:\/\/www.fpmislata.com\/wordpress\/wp-content\/gallery\/iijornadalaboratorio\/Laboratorio1.jpg\"\n               data-thumbnail=\"https:\/\/www.fpmislata.com\/wordpress\/wp-content\/gallery\/iijornadalaboratorio\/thumbs\/thumbs_Laboratorio1.jpg\"\n               data-image-id=\"285\"\n               data-title=\"Laboratorio1\"\n               data-description=\"\"\n               data-image-slug=\"laboratorio1\"\n               class=\"ngg-fancybox\" rel=\"59cb33710a840ab7b0d57296a74bfcfd\">\n                <img title=\"Laboratorio1\" alt=\"Laboratorio1\" src=\"data:image\/gif;base64,R0lGODlhAQABAAAAACH5BAEKAAEALAAAAAABAAEAAAICTAEAOw==\" width=\"240\" height=\"160\" style=\"max-width:100%;\" class=\"lazyload\" data-src=\"https:\/\/www.fpmislata.com\/wordpress\/wp-content\/gallery\/iijornadalaboratorio\/thumbs\/thumbs_Laboratorio1.jpg\">\n            <\/a>\n        <\/div>\n\t\t\t\t\t\t\t<\/div> \n\t\t\t\n        \n\t\t\t\t<div id=\"ngg-image-1\" class=\"ngg-gallery-thumbnail-box\" >\n\t\t\t\t        <div class=\"ngg-gallery-thumbnail\">\n            <a href=\"https:\/\/www.fpmislata.com\/wordpress\/wp-content\/gallery\/iijornadalaboratorio\/Laboratorio2.jpg\"\n               title=\"\"\n               data-src=\"https:\/\/www.fpmislata.com\/wordpress\/wp-content\/gallery\/iijornadalaboratorio\/Laboratorio2.jpg\"\n               data-thumbnail=\"https:\/\/www.fpmislata.com\/wordpress\/wp-content\/gallery\/iijornadalaboratorio\/thumbs\/thumbs_Laboratorio2.jpg\"\n               data-image-id=\"286\"\n               data-title=\"Laboratorio2\"\n               data-description=\"\"\n               data-image-slug=\"laboratorio2\"\n               class=\"ngg-fancybox\" rel=\"59cb33710a840ab7b0d57296a74bfcfd\">\n                <img title=\"Laboratorio2\" alt=\"Laboratorio2\" src=\"data:image\/gif;base64,R0lGODlhAQABAAAAACH5BAEKAAEALAAAAAABAAEAAAICTAEAOw==\" width=\"240\" height=\"160\" style=\"max-width:100%;\" class=\"lazyload\" data-src=\"https:\/\/www.fpmislata.com\/wordpress\/wp-content\/gallery\/iijornadalaboratorio\/thumbs\/thumbs_Laboratorio2.jpg\">\n            <\/a>\n        <\/div>\n\t\t\t\t\t\t\t<\/div> \n\t\t\t\n        \n\t\t\t\t<div id=\"ngg-image-2\" class=\"ngg-gallery-thumbnail-box\" >\n\t\t\t\t        <div class=\"ngg-gallery-thumbnail\">\n            <a href=\"https:\/\/www.fpmislata.com\/wordpress\/wp-content\/gallery\/iijornadalaboratorio\/Laboratorio3.jpeg\"\n               title=\"\"\n               data-src=\"https:\/\/www.fpmislata.com\/wordpress\/wp-content\/gallery\/iijornadalaboratorio\/Laboratorio3.jpeg\"\n               data-thumbnail=\"https:\/\/www.fpmislata.com\/wordpress\/wp-content\/gallery\/iijornadalaboratorio\/thumbs\/thumbs_Laboratorio3.jpeg\"\n               data-image-id=\"287\"\n               data-title=\"Laboratorio3\"\n               data-description=\"\"\n               data-image-slug=\"laboratorio3\"\n               class=\"ngg-fancybox\" rel=\"59cb33710a840ab7b0d57296a74bfcfd\">\n                <img title=\"Laboratorio3\" alt=\"Laboratorio3\" src=\"data:image\/gif;base64,R0lGODlhAQABAAAAACH5BAEKAAEALAAAAAABAAEAAAICTAEAOw==\" width=\"240\" height=\"160\" style=\"max-width:100%;\" class=\"lazyload\" data-src=\"https:\/\/www.fpmislata.com\/wordpress\/wp-content\/gallery\/iijornadalaboratorio\/thumbs\/thumbs_Laboratorio3.jpeg\">\n            <\/a>\n        <\/div>\n\t\t\t\t\t\t\t<\/div> \n\t\t\t\n        \n\t\t\t\t<div id=\"ngg-image-3\" class=\"ngg-gallery-thumbnail-box\" >\n\t\t\t\t        <div class=\"ngg-gallery-thumbnail\">\n            <a href=\"https:\/\/www.fpmislata.com\/wordpress\/wp-content\/gallery\/iijornadalaboratorio\/Laboratorio4.jpeg\"\n               title=\"\"\n               data-src=\"https:\/\/www.fpmislata.com\/wordpress\/wp-content\/gallery\/iijornadalaboratorio\/Laboratorio4.jpeg\"\n               data-thumbnail=\"https:\/\/www.fpmislata.com\/wordpress\/wp-content\/gallery\/iijornadalaboratorio\/thumbs\/thumbs_Laboratorio4.jpeg\"\n               data-image-id=\"288\"\n               data-title=\"Laboratorio4\"\n               data-description=\"\"\n               data-image-slug=\"laboratorio4\"\n               class=\"ngg-fancybox\" rel=\"59cb33710a840ab7b0d57296a74bfcfd\">\n                <img title=\"Laboratorio4\" alt=\"Laboratorio4\" src=\"data:image\/gif;base64,R0lGODlhAQABAAAAACH5BAEKAAEALAAAAAABAAEAAAICTAEAOw==\" width=\"240\" height=\"160\" style=\"max-width:100%;\" class=\"lazyload\" data-src=\"https:\/\/www.fpmislata.com\/wordpress\/wp-content\/gallery\/iijornadalaboratorio\/thumbs\/thumbs_Laboratorio4.jpeg\">\n            <\/a>\n        <\/div>\n\t\t\t\t\t\t\t<\/div> \n\t\t\t\n        \n\t\t\n\t\t<!-- Pagination -->\n\t<div class='ngg-clear'><\/div>\t<\/div>\n\n<p>&nbsp;<\/p>\n","protected":false},"excerpt":{"rendered":"<p>El m\u00edercoles 29 de Mayo tuvo lugar la II Jornada de Sanidad, con el lema \u201c No sue\u00f1es tu profesi\u00f3n, vive tu sue\u00f1o\u201d (Fco Martinez). A diferencia del curso pasado, este a\u00f1o el evento se realiz\u00f3 en un entorno m\u00e1s cercano e informal, ofreciendo as\u00ed una mayor participaci\u00f3n entre ponentes y alumnos. Fue en la&hellip;<\/p>\n","protected":false},"author":3,"featured_media":4161,"comment_status":"open","ping_status":"open","sticky":false,"template":"","format":"standard","meta":{"ngg_post_thumbnail":0},"categories":[2,17],"tags":[],"_links":{"self":[{"href":"https:\/\/www.fpmislata.com\/wordpress\/wp-json\/wp\/v2\/posts\/4160"}],"collection":[{"href":"https:\/\/www.fpmislata.com\/wordpress\/wp-json\/wp\/v2\/posts"}],"about":[{"href":"https:\/\/www.fpmislata.com\/wordpress\/wp-json\/wp\/v2\/types\/post"}],"author":[{"embeddable":true,"href":"https:\/\/www.fpmislata.com\/wordpress\/wp-json\/wp\/v2\/users\/3"}],"replies":[{"embeddable":true,"href":"https:\/\/www.fpmislata.com\/wordpress\/wp-json\/wp\/v2\/comments?post=4160"}],"version-history":[{"count":0,"href":"https:\/\/www.fpmislata.com\/wordpress\/wp-json\/wp\/v2\/posts\/4160\/revisions"}],"wp:featuredmedia":[{"embeddable":true,"href":"https:\/\/www.fpmislata.com\/wordpress\/wp-json\/wp\/v2\/media\/4161"}],"wp:attachment":[{"href":"https:\/\/www.fpmislata.com\/wordpress\/wp-json\/wp\/v2\/media?parent=4160"}],"wp:term":[{"taxonomy":"category","embeddable":true,"href":"https:\/\/www.fpmislata.com\/wordpress\/wp-json\/wp\/v2\/categories?post=4160"},{"taxonomy":"post_tag","embeddable":true,"href":"https:\/\/www.fpmislata.com\/wordpress\/wp-json\/wp\/v2\/tags?post=4160"}],"curies":[{"name":"wp","href":"https:\/\/api.w.org\/{rel}","templated":true}]}}