{"id":4519,"date":"2019-10-16T06:36:03","date_gmt":"2019-10-16T10:36:03","guid":{"rendered":"https:\/\/www.fpmislata.com\/wordpress\/?p=4519"},"modified":"2019-10-18T03:15:25","modified_gmt":"2019-10-18T07:15:25","slug":"plan-ahorro-y-eficiencia-energetica","status":"publish","type":"post","link":"https:\/\/www.fpmislata.com\/wordpress\/plan-ahorro-y-eficiencia-energetica\/","title":{"rendered":"Plan ahorro y eficiencia energ\u00e9tica"},"content":{"rendered":"<p>Desde Conselleria de Educaci\u00f3n, cofinanciado por el programa operativo FEDER,&nbsp; van a <strong>renovar la instalaci\u00f3n lum\u00ednica actual<\/strong> de nuestro centro, sustituy\u00e9ndola por una de mayor eficiencia energ\u00e9tica.<\/p>\n<table style=\"border-collapse: collapse; width: 100%;\" border=\"1\">\n<tbody>\n<tr>\n<td style=\"width: 50%; text-align: center;\"><a href=\"https:\/\/www.fpmislata.com\/wordpress\/wp-content\/uploads\/Comunicaci\u00f3-CIPFP-MISLATA-efici.energ-cas.pdf\" target=\"_blank\" rel=\"noopener\">Carta explicativa castellano<\/a><\/td>\n<td style=\"width: 50%; text-align: center;\"><a href=\"https:\/\/www.fpmislata.com\/wordpress\/wp-content\/uploads\/Comunicaci\u00f3-CIPFP-MISLATA-efici.energ_.pdf\" target=\"_blank\" rel=\"noopener\">Carta explicativa en valenci\u00e0<\/a><\/td>\n<\/tr>\n<tr>\n<td style=\"width: 50%;\"><a href=\"https:\/\/www.fpmislata.com\/wordpress\/wp-content\/uploads\/Comunicaci\u00f3-CIPFP-MISLATA-efici.energ-cas.pdf\" target=\"_blank\" rel=\"noopener\"><img loading=\"lazy\" class=\"alignnone size-full wp-image-4520 lazyload\" src=\"data:image\/gif;base64,R0lGODlhAQABAAAAACH5BAEKAAEALAAAAAABAAEAAAICTAEAOw==\" alt=\"\" width=\"544\" height=\"746\" sizes=\"(max-width: 544px) 100vw, 544px\" data-src=\"https:\/\/www.fpmislata.com\/wordpress\/wp-content\/uploads\/Carta-imagen-cas.jpg\" data-srcset=\"https:\/\/www.fpmislata.com\/wordpress\/wp-content\/uploads\/Carta-imagen-cas.jpg 544w, https:\/\/www.fpmislata.com\/wordpress\/wp-content\/uploads\/Carta-imagen-cas-219x300.jpg 219w\"><\/a><\/td>\n<td style=\"width: 50%;\"><a href=\"https:\/\/www.fpmislata.com\/wordpress\/wp-content\/uploads\/Comunicaci\u00f3-CIPFP-MISLATA-efici.energ_.pdf\" target=\"_blank\" rel=\"noopener\"><img loading=\"lazy\" class=\"alignnone size-full wp-image-4521 lazyload\" src=\"data:image\/gif;base64,R0lGODlhAQABAAAAACH5BAEKAAEALAAAAAABAAEAAAICTAEAOw==\" alt=\"\" width=\"554\" height=\"730\" sizes=\"(max-width: 554px) 100vw, 554px\" data-src=\"https:\/\/www.fpmislata.com\/wordpress\/wp-content\/uploads\/Carta-imagen-val.jpg\" data-srcset=\"https:\/\/www.fpmislata.com\/wordpress\/wp-content\/uploads\/Carta-imagen-val.jpg 554w, https:\/\/www.fpmislata.com\/wordpress\/wp-content\/uploads\/Carta-imagen-val-228x300.jpg 228w\"><\/a><\/td>\n<\/tr>\n<\/tbody>\n<\/table>\n<p style=\"text-align: right;\"><strong>Publicado 16\/10\/2019<\/strong><\/p>\n","protected":false},"excerpt":{"rendered":"<p>Desde Conselleria de Educaci\u00f3n, cofinanciado por el programa operativo FEDER,&nbsp; van a renovar la instalaci\u00f3n lum\u00ednica actual de nuestro centro, sustituy\u00e9ndola por una de mayor eficiencia energ\u00e9tica. Carta explicativa castellano Carta explicativa en valenci\u00e0 Publicado 16\/10\/2019<\/p>\n","protected":false},"author":3,"featured_media":4527,"comment_status":"open","ping_status":"open","sticky":true,"template":"","format":"standard","meta":{"ngg_post_thumbnail":0},"categories":[2,17],"tags":[],"_links":{"self":[{"href":"https:\/\/www.fpmislata.com\/wordpress\/wp-json\/wp\/v2\/posts\/4519"}],"collection":[{"href":"https:\/\/www.fpmislata.com\/wordpress\/wp-json\/wp\/v2\/posts"}],"about":[{"href":"https:\/\/www.fpmislata.com\/wordpress\/wp-json\/wp\/v2\/types\/post"}],"author":[{"embeddable":true,"href":"https:\/\/www.fpmislata.com\/wordpress\/wp-json\/wp\/v2\/users\/3"}],"replies":[{"embeddable":true,"href":"https:\/\/www.fpmislata.com\/wordpress\/wp-json\/wp\/v2\/comments?post=4519"}],"version-history":[{"count":0,"href":"https:\/\/www.fpmislata.com\/wordpress\/wp-json\/wp\/v2\/posts\/4519\/revisions"}],"wp:featuredmedia":[{"embeddable":true,"href":"https:\/\/www.fpmislata.com\/wordpress\/wp-json\/wp\/v2\/media\/4527"}],"wp:attachment":[{"href":"https:\/\/www.fpmislata.com\/wordpress\/wp-json\/wp\/v2\/media?parent=4519"}],"wp:term":[{"taxonomy":"category","embeddable":true,"href":"https:\/\/www.fpmislata.com\/wordpress\/wp-json\/wp\/v2\/categories?post=4519"},{"taxonomy":"post_tag","embeddable":true,"href":"https:\/\/www.fpmislata.com\/wordpress\/wp-json\/wp\/v2\/tags?post=4519"}],"curies":[{"name":"wp","href":"https:\/\/api.w.org\/{rel}","templated":true}]}}