{"id":4955,"date":"2020-02-06T08:46:29","date_gmt":"2020-02-06T12:46:29","guid":{"rendered":"https:\/\/www.fpmislata.com\/wordpress\/?p=4955"},"modified":"2020-02-06T09:06:25","modified_gmt":"2020-02-06T13:06:25","slug":"i-feria-del-turismo-por-2o-giat","status":"publish","type":"post","link":"https:\/\/www.fpmislata.com\/wordpress\/i-feria-del-turismo-por-2o-giat\/","title":{"rendered":"I Feria del Turismo por 2\u00ba GIAT"},"content":{"rendered":"<p>El pasado 30 de enero los alumnos de 2\u00ba GIAT celebraron con enorme \u00e9xito la <strong>I edici\u00f3n de la Feria de Turismo<\/strong> del CIPFP Mislata, presentando e informando, tanto a alumnos como a profesores, sobre las <span style=\"text-decoration: underline;\">visitas guiadas<\/span> que se organizar\u00e1n a partir del 10 de febrero en <span style=\"text-decoration: underline;\">5 distritos y municipios de Valencia: <\/span><\/p>\n<ul>\n<li>Benimaclet,<\/li>\n<li>Castellar-Oliveral,<\/li>\n<li>Burjassot,<\/li>\n<li>Poblats Mar\u00edtims y<\/li>\n<li>Caba\u00f1al.<\/li>\n<\/ul>\n<p>Las visitas ser\u00e1n gratuitas y de acceso libre para todo el p\u00fablico. M\u00e1s informaci\u00f3n en el CIPFP Mislata<\/p>\n<!-- index.php -->\n<div\n\tclass=\"ngg-galleryoverview ngg-ajax-pagination-none\"\n\tid=\"ngg-gallery-af27930c8081eeb92ea65e336ed9991b-1\">\n\n    \t<div class=\"slideshowlink\">\n        <a href='https:\/\/www.fpmislata.com\/wordpress\/i-feria-del-turismo-por-2o-giat\/nggallery\/slideshow'>[Mostrar presentaci\u00f3n de diapositivas]<\/a>\n\t\t\n\t<\/div>\n\t\t\t<!-- Thumbnails -->\n\t\t\t\t<div id=\"ngg-image-0\" class=\"ngg-gallery-thumbnail-box\" >\n\t\t\t\t        <div class=\"ngg-gallery-thumbnail\">\n            <a href=\"https:\/\/www.fpmislata.com\/wordpress\/wp-content\/gallery\/turismoferia2giat\/IMG_0031.jpg\"\n               title=\"\"\n               data-src=\"https:\/\/www.fpmislata.com\/wordpress\/wp-content\/gallery\/turismoferia2giat\/IMG_0031.jpg\"\n               data-thumbnail=\"https:\/\/www.fpmislata.com\/wordpress\/wp-content\/gallery\/turismoferia2giat\/thumbs\/thumbs_IMG_0031.jpg\"\n               data-image-id=\"403\"\n               data-title=\"IMG_0031\"\n               data-description=\"\"\n               data-image-slug=\"img_0031\"\n               class=\"ngg-fancybox\" rel=\"af27930c8081eeb92ea65e336ed9991b\">\n                <img title=\"IMG_0031\" alt=\"IMG_0031\" src=\"data:image\/gif;base64,R0lGODlhAQABAAAAACH5BAEKAAEALAAAAAABAAEAAAICTAEAOw==\" width=\"240\" height=\"160\" style=\"max-width:100%;\" class=\"lazyload\" data-src=\"https:\/\/www.fpmislata.com\/wordpress\/wp-content\/gallery\/turismoferia2giat\/thumbs\/thumbs_IMG_0031.jpg\">\n            <\/a>\n        <\/div>\n\t\t\t\t\t\t\t<\/div> \n\t\t\t\n        \n\t\t\t\t<div id=\"ngg-image-1\" class=\"ngg-gallery-thumbnail-box\" >\n\t\t\t\t        <div class=\"ngg-gallery-thumbnail\">\n            <a href=\"https:\/\/www.fpmislata.com\/wordpress\/wp-content\/gallery\/turismoferia2giat\/IMG_0035.jpg\"\n               title=\"\"\n               data-src=\"https:\/\/www.fpmislata.com\/wordpress\/wp-content\/gallery\/turismoferia2giat\/IMG_0035.jpg\"\n               data-thumbnail=\"https:\/\/www.fpmislata.com\/wordpress\/wp-content\/gallery\/turismoferia2giat\/thumbs\/thumbs_IMG_0035.jpg\"\n               data-image-id=\"404\"\n               data-title=\"IMG_0035\"\n               data-description=\"\"\n               data-image-slug=\"img_0035\"\n               class=\"ngg-fancybox\" rel=\"af27930c8081eeb92ea65e336ed9991b\">\n                <img title=\"IMG_0035\" alt=\"IMG_0035\" src=\"data:image\/gif;base64,R0lGODlhAQABAAAAACH5BAEKAAEALAAAAAABAAEAAAICTAEAOw==\" width=\"240\" height=\"160\" style=\"max-width:100%;\" class=\"lazyload\" data-src=\"https:\/\/www.fpmislata.com\/wordpress\/wp-content\/gallery\/turismoferia2giat\/thumbs\/thumbs_IMG_0035.jpg\">\n            <\/a>\n        <\/div>\n\t\t\t\t\t\t\t<\/div> \n\t\t\t\n        \n\t\t\t\t<div id=\"ngg-image-2\" class=\"ngg-gallery-thumbnail-box\" >\n\t\t\t\t        <div class=\"ngg-gallery-thumbnail\">\n            <a href=\"https:\/\/www.fpmislata.com\/wordpress\/wp-content\/gallery\/turismoferia2giat\/IMG_0063.jpg\"\n               title=\"\"\n               data-src=\"https:\/\/www.fpmislata.com\/wordpress\/wp-content\/gallery\/turismoferia2giat\/IMG_0063.jpg\"\n               data-thumbnail=\"https:\/\/www.fpmislata.com\/wordpress\/wp-content\/gallery\/turismoferia2giat\/thumbs\/thumbs_IMG_0063.jpg\"\n               data-image-id=\"405\"\n               data-title=\"IMG_0063\"\n               data-description=\"\"\n               data-image-slug=\"img_0063\"\n               class=\"ngg-fancybox\" rel=\"af27930c8081eeb92ea65e336ed9991b\">\n                <img title=\"IMG_0063\" alt=\"IMG_0063\" src=\"data:image\/gif;base64,R0lGODlhAQABAAAAACH5BAEKAAEALAAAAAABAAEAAAICTAEAOw==\" width=\"240\" height=\"160\" style=\"max-width:100%;\" class=\"lazyload\" data-src=\"https:\/\/www.fpmislata.com\/wordpress\/wp-content\/gallery\/turismoferia2giat\/thumbs\/thumbs_IMG_0063.jpg\">\n            <\/a>\n        <\/div>\n\t\t\t\t\t\t\t<\/div> \n\t\t\t\n        \n\t\t\n\t\t<!-- Pagination -->\n\t<div class='ngg-clear'><\/div>\t<\/div>\n\n","protected":false},"excerpt":{"rendered":"<p>El pasado 30 de enero los alumnos de 2\u00ba GIAT celebraron con enorme \u00e9xito la I edici\u00f3n de la Feria de Turismo del CIPFP Mislata, presentando e informando, tanto a alumnos como a profesores, sobre las visitas guiadas que se organizar\u00e1n a partir del 10 de febrero en 5 distritos y municipios de Valencia: Benimaclet,&hellip;<\/p>\n","protected":false},"author":3,"featured_media":4956,"comment_status":"open","ping_status":"open","sticky":false,"template":"","format":"standard","meta":{"ngg_post_thumbnail":0},"categories":[2,17],"tags":[],"_links":{"self":[{"href":"https:\/\/www.fpmislata.com\/wordpress\/wp-json\/wp\/v2\/posts\/4955"}],"collection":[{"href":"https:\/\/www.fpmislata.com\/wordpress\/wp-json\/wp\/v2\/posts"}],"about":[{"href":"https:\/\/www.fpmislata.com\/wordpress\/wp-json\/wp\/v2\/types\/post"}],"author":[{"embeddable":true,"href":"https:\/\/www.fpmislata.com\/wordpress\/wp-json\/wp\/v2\/users\/3"}],"replies":[{"embeddable":true,"href":"https:\/\/www.fpmislata.com\/wordpress\/wp-json\/wp\/v2\/comments?post=4955"}],"version-history":[{"count":0,"href":"https:\/\/www.fpmislata.com\/wordpress\/wp-json\/wp\/v2\/posts\/4955\/revisions"}],"wp:featuredmedia":[{"embeddable":true,"href":"https:\/\/www.fpmislata.com\/wordpress\/wp-json\/wp\/v2\/media\/4956"}],"wp:attachment":[{"href":"https:\/\/www.fpmislata.com\/wordpress\/wp-json\/wp\/v2\/media?parent=4955"}],"wp:term":[{"taxonomy":"category","embeddable":true,"href":"https:\/\/www.fpmislata.com\/wordpress\/wp-json\/wp\/v2\/categories?post=4955"},{"taxonomy":"post_tag","embeddable":true,"href":"https:\/\/www.fpmislata.com\/wordpress\/wp-json\/wp\/v2\/tags?post=4955"}],"curies":[{"name":"wp","href":"https:\/\/api.w.org\/{rel}","templated":true}]}}