{"id":6275,"date":"2020-11-05T07:06:45","date_gmt":"2020-11-05T11:06:45","guid":{"rendered":"https:\/\/www.fpmislata.com\/wordpress\/?p=6275"},"modified":"2020-11-05T07:43:09","modified_gmt":"2020-11-05T11:43:09","slug":"dia-contra-el-acoso-escolar","status":"publish","type":"post","link":"https:\/\/www.fpmislata.com\/wordpress\/dia-contra-el-acoso-escolar\/","title":{"rendered":"Dia contra violencia y acoso escolar"},"content":{"rendered":"<p>La Conselleria d&#8217;Educaci\u00f3, Cultura i Esport est\u00e0 treballant en la promoci\u00f3 d\u2019accions de prevenci\u00f3 i detecci\u00f3 de situacions d\u2019assetjament escolar i ciberassetjament, aix\u00ed com en la promoci\u00f3 de ferramentes eficaces per afrontar aquestes situacions, quan es produ\u00efsquen.<\/p>\n<p>&nbsp;<\/p>\n<p>Dem\u00e0, <strong>5<\/strong><strong> de <\/strong><strong>novembre<\/strong><strong>, dia <\/strong><strong>Internacional contra la <\/strong><strong>v<\/strong><strong>iol\u00e8ncia i l&#8217;<\/strong><strong>a<\/strong><strong>ssetjament<\/strong> e<strong>scolar, <\/strong>volem posar el focus en la import\u00e0ncia del bon tracte entre l\u2019alumnat, tamb\u00e9 en les xarxes socials, per a millorar el sistema de relacions personals en els centres educatius i en tota la comunitat educativa.<\/p>\n<p>&nbsp;<\/p>\n<table style=\"width: 100%; border-style: none;\" border=\"0\">\n<tbody>\n<tr>\n<td style=\"width: 50%;\"><img loading=\"lazy\" class=\"size-full wp-image-6276 aligncenter lazyload\" src=\"data:image\/gif;base64,R0lGODlhAQABAAAAACH5BAEKAAEALAAAAAABAAEAAAICTAEAOw==\" alt=\"\" width=\"130\" height=\"184\" data-src=\"https:\/\/www.fpmislata.com\/wordpress\/wp-content\/uploads\/foto1.png\"><\/td>\n<td style=\"width: 50%;\"><img loading=\"lazy\" class=\"size-full wp-image-6277 aligncenter lazyload\" src=\"data:image\/gif;base64,R0lGODlhAQABAAAAACH5BAEKAAEALAAAAAABAAEAAAICTAEAOw==\" alt=\"\" width=\"130\" height=\"184\" data-src=\"https:\/\/www.fpmislata.com\/wordpress\/wp-content\/uploads\/foto2.png\"><\/td>\n<\/tr>\n<\/tbody>\n<\/table>\n<p>&nbsp;<\/p>\n","protected":false},"excerpt":{"rendered":"<p>La Conselleria d&#8217;Educaci\u00f3, Cultura i Esport est\u00e0 treballant en la promoci\u00f3 d\u2019accions de prevenci\u00f3 i detecci\u00f3 de situacions d\u2019assetjament escolar i ciberassetjament, aix\u00ed com en la promoci\u00f3 de ferramentes eficaces per afrontar aquestes situacions, quan es produ\u00efsquen. &nbsp; Dem\u00e0, 5 de novembre, dia Internacional contra la viol\u00e8ncia i l&#8217;assetjament escolar, volem posar el focus en&hellip;<\/p>\n","protected":false},"author":3,"featured_media":6281,"comment_status":"open","ping_status":"open","sticky":false,"template":"","format":"standard","meta":{"ngg_post_thumbnail":0},"categories":[2,17],"tags":[],"_links":{"self":[{"href":"https:\/\/www.fpmislata.com\/wordpress\/wp-json\/wp\/v2\/posts\/6275"}],"collection":[{"href":"https:\/\/www.fpmislata.com\/wordpress\/wp-json\/wp\/v2\/posts"}],"about":[{"href":"https:\/\/www.fpmislata.com\/wordpress\/wp-json\/wp\/v2\/types\/post"}],"author":[{"embeddable":true,"href":"https:\/\/www.fpmislata.com\/wordpress\/wp-json\/wp\/v2\/users\/3"}],"replies":[{"embeddable":true,"href":"https:\/\/www.fpmislata.com\/wordpress\/wp-json\/wp\/v2\/comments?post=6275"}],"version-history":[{"count":0,"href":"https:\/\/www.fpmislata.com\/wordpress\/wp-json\/wp\/v2\/posts\/6275\/revisions"}],"wp:featuredmedia":[{"embeddable":true,"href":"https:\/\/www.fpmislata.com\/wordpress\/wp-json\/wp\/v2\/media\/6281"}],"wp:attachment":[{"href":"https:\/\/www.fpmislata.com\/wordpress\/wp-json\/wp\/v2\/media?parent=6275"}],"wp:term":[{"taxonomy":"category","embeddable":true,"href":"https:\/\/www.fpmislata.com\/wordpress\/wp-json\/wp\/v2\/categories?post=6275"},{"taxonomy":"post_tag","embeddable":true,"href":"https:\/\/www.fpmislata.com\/wordpress\/wp-json\/wp\/v2\/tags?post=6275"}],"curies":[{"name":"wp","href":"https:\/\/api.w.org\/{rel}","templated":true}]}}