{"id":6335,"date":"2020-11-19T07:35:33","date_gmt":"2020-11-19T11:35:33","guid":{"rendered":"https:\/\/www.fpmislata.com\/wordpress\/?p=6335"},"modified":"2020-11-26T05:45:21","modified_gmt":"2020-11-26T09:45:21","slug":"25n-contra-violencia-de-genero","status":"publish","type":"post","link":"https:\/\/www.fpmislata.com\/wordpress\/25n-contra-violencia-de-genero\/","title":{"rendered":"25N contra violencia de g\u00e9nero"},"content":{"rendered":"\n<p><em>El pr\u00f3ximo 25 de Noviembre se celebra el D\u00eda Internacional de la Eliminaci\u00f3n de la Violencia contra la Mujer.<\/em><\/p>\n<p><em>Un a\u00f1o m\u00e1s queremos colaborar en la erradicaci\u00f3n de este tipo de violencia.<\/em><\/p>\n<p><em>Por la situaci\u00f3n de la Pandemia no vamos a realizar ning\u00fan acto para todo el alumnado, como se ha hecho en cursos anteriores.<\/em><\/p>\n<p><em>Desde el centro animamos a todo el profesorado a potenciar la sensibilizaci\u00f3n del alumnado sobre este tema. Para ello, realizamos actividades en la tutor\u00eda, colocamos carteles por el centro y colaboramos con el municipio de Mislata en la elaboraci\u00f3n y edici\u00f3n en v\u00eddeo de un manifiesto para la prevenci\u00f3n contra la violencia de g\u00e9nero.<\/em><\/p>\n<p><em>Con un gesto\/actividad por peque\u00f1o\/a que parezca estamos contribuyendo a que esta lacra desaparezca.<\/em><\/p>\n<p>&nbsp;<\/p>\n\n\n\n<div class=\"wp-block-image\"><figure class=\"aligncenter size-large is-resized\"><img loading=\"lazy\" src=\"data:image\/gif;base64,R0lGODlhAQABAAAAACH5BAEKAAEALAAAAAABAAEAAAICTAEAOw==\" alt=\"\" class=\"wp-image-6383 lazyload\" width=\"376\" height=\"282\" sizes=\"(max-width: 376px) 100vw, 376px\" data-src=\"https:\/\/www.fpmislata.com\/wordpress\/wp-content\/uploads\/WhatsApp-Image-2020-11-24-at-21.02.27-800x600.jpeg\" data-srcset=\"https:\/\/www.fpmislata.com\/wordpress\/wp-content\/uploads\/WhatsApp-Image-2020-11-24-at-21.02.27-800x600.jpeg 800w, https:\/\/www.fpmislata.com\/wordpress\/wp-content\/uploads\/WhatsApp-Image-2020-11-24-at-21.02.27-300x225.jpeg 300w, https:\/\/www.fpmislata.com\/wordpress\/wp-content\/uploads\/WhatsApp-Image-2020-11-24-at-21.02.27-768x576.jpeg 768w, https:\/\/www.fpmislata.com\/wordpress\/wp-content\/uploads\/WhatsApp-Image-2020-11-24-at-21.02.27-1536x1152.jpeg 1536w, https:\/\/www.fpmislata.com\/wordpress\/wp-content\/uploads\/WhatsApp-Image-2020-11-24-at-21.02.27.jpeg 1600w\"><figcaption>Escaparate personalizado por el ciclo GVEC<\/figcaption><\/figure><\/div>\n\n\n\n<figure class=\"wp-block-embed-wordpress aligncenter wp-block-embed is-type-wp-embed is-provider-cipfp-mislata\"><div class=\"wp-block-embed__wrapper\">\n<blockquote class=\"wp-embedded-content\" data-secret=\"ZSzn2zPe4g\"><a href=\"https:\/\/www.fpmislata.com\/wordpress\/25n-contra-violencia-de-genero\/manifiesto-25n\/\">MANIFIESTO 25N<\/a><\/blockquote><iframe class=\"wp-embedded-content lazyload\" sandbox=\"allow-scripts\" security=\"restricted\" style=\"position: absolute; clip: rect(1px, 1px, 1px, 1px);\" title=\"\u00abMANIFIESTO 25N\u00bb \u2014 CIPFP Mislata\" src=\"about:blank\" data-secret=\"ZSzn2zPe4g\" width=\"600\" height=\"338\" frameborder=\"0\" marginwidth=\"0\" marginheight=\"0\" scrolling=\"no\" data-src=\"https:\/\/www.fpmislata.com\/wordpress\/25n-contra-violencia-de-genero\/manifiesto-25n\/embed\/#?secret=ZSzn2zPe4g\"><\/iframe>\n<\/div><\/figure>\n\n\n\n<figure class=\"wp-block-embed-youtube wp-block-embed is-type-video is-provider-youtube wp-embed-aspect-16-9 wp-has-aspect-ratio\"><div class=\"wp-block-embed__wrapper\">\n<iframe loading=\"lazy\" title=\"#LaViolenciaMachistaLaParamosUnidas\" width=\"640\" height=\"360\" src=\"about:blank\" frameborder=\"0\" allow=\"accelerometer; autoplay; clipboard-write; encrypted-media; gyroscope; picture-in-picture\" allowfullscreen=\"\" class=\"lazyload\" data-src=\"https:\/\/www.youtube.com\/embed\/oT5JI6WUxB4?feature=oembed\"><\/iframe>\n<\/div><\/figure>\n","protected":false},"excerpt":{"rendered":"<p>El pr\u00f3ximo 25 de Noviembre se celebra el D\u00eda Internacional de la Eliminaci\u00f3n de la Violencia contra la Mujer. Un a\u00f1o m\u00e1s queremos colaborar en la erradicaci\u00f3n de este tipo de violencia. Por la situaci\u00f3n de la Pandemia no vamos a realizar ning\u00fan acto para todo el alumnado, como se ha hecho en cursos anteriores.&hellip;<\/p>\n","protected":false},"author":3,"featured_media":6340,"comment_status":"open","ping_status":"open","sticky":false,"template":"","format":"standard","meta":{"ngg_post_thumbnail":0},"categories":[2,17],"tags":[],"_links":{"self":[{"href":"https:\/\/www.fpmislata.com\/wordpress\/wp-json\/wp\/v2\/posts\/6335"}],"collection":[{"href":"https:\/\/www.fpmislata.com\/wordpress\/wp-json\/wp\/v2\/posts"}],"about":[{"href":"https:\/\/www.fpmislata.com\/wordpress\/wp-json\/wp\/v2\/types\/post"}],"author":[{"embeddable":true,"href":"https:\/\/www.fpmislata.com\/wordpress\/wp-json\/wp\/v2\/users\/3"}],"replies":[{"embeddable":true,"href":"https:\/\/www.fpmislata.com\/wordpress\/wp-json\/wp\/v2\/comments?post=6335"}],"version-history":[{"count":0,"href":"https:\/\/www.fpmislata.com\/wordpress\/wp-json\/wp\/v2\/posts\/6335\/revisions"}],"wp:featuredmedia":[{"embeddable":true,"href":"https:\/\/www.fpmislata.com\/wordpress\/wp-json\/wp\/v2\/media\/6340"}],"wp:attachment":[{"href":"https:\/\/www.fpmislata.com\/wordpress\/wp-json\/wp\/v2\/media?parent=6335"}],"wp:term":[{"taxonomy":"category","embeddable":true,"href":"https:\/\/www.fpmislata.com\/wordpress\/wp-json\/wp\/v2\/categories?post=6335"},{"taxonomy":"post_tag","embeddable":true,"href":"https:\/\/www.fpmislata.com\/wordpress\/wp-json\/wp\/v2\/tags?post=6335"}],"curies":[{"name":"wp","href":"https:\/\/api.w.org\/{rel}","templated":true}]}}