{"id":6385,"date":"2020-12-02T10:40:39","date_gmt":"2020-12-02T14:40:39","guid":{"rendered":"https:\/\/www.fpmislata.com\/wordpress\/?p=6385"},"modified":"2021-01-07T08:09:28","modified_gmt":"2021-01-07T12:09:28","slug":"tienda-de-comercio-justo","status":"publish","type":"post","link":"https:\/\/www.fpmislata.com\/wordpress\/tienda-de-comercio-justo\/","title":{"rendered":"Tienda de comercio justo"},"content":{"rendered":"\n<p>El pr\u00f3ximo jueves d\u00eda 10 de diciembre de 2020, el CIPFP Mislata abrir\u00e1 por sexto a\u00f1o consecutivo una tienda de <strong><em><u>Comercio justo<\/u><\/em><\/strong> en sus instalaciones, situada en el <strong><em><u>aula 2B2<\/u><\/em><\/strong> (segundo piso, pasillo B, al final del pasillo), hasta el viernes 18 de diciembre de 2020 inclusive en <strong><u>horario de 9.55 a 11.10 por la ma\u00f1ana, y de 17.10 A 18.30 horas en turno de tarde.<\/u><\/strong><\/p>\n<p>Se trata de una tienda de <strong><em><u>comercio justo<\/u><\/em><\/strong> que los alumnos de 1\u00ba Actividades Comerciales y 2\u00ba Gesti\u00f3n de Ventas y Espacios Comerciales llevan a cabo, en colaboraci\u00f3n de la <strong><em><u>ONG Interm\u00f3n Oxfam.<\/u><\/em><\/strong><\/p>\n<p>Todo el dinero recaudado en las ventas durante estos d\u00edas ir\u00e1 destinado \u00edntegramente &nbsp;a la ONG anteriormente mencionada.<\/p>\n<p>Entre la variedad de productos tendremos: diferentes variedades de t\u00e9 y caf\u00e9, chocolates y frutos secos chocolateados, algunos snacks salados&nbsp;y frutos secos de cultivo Bio, bolsas de algod\u00f3n para la compra, collares, pendientes&#8230;<\/p>\n<p>Os esperamos a todos: &nbsp;&nbsp;alumnado, profesores, personal de servicio&#8230;<\/p>\n\n\n\n<div class=\"wp-block-image\"><figure class=\"aligncenter size-large\"><img loading=\"lazy\" width=\"470\" height=\"250\" src=\"data:image\/gif;base64,R0lGODlhAQABAAAAACH5BAEKAAEALAAAAAABAAEAAAICTAEAOw==\" alt=\"\" class=\"wp-image-6386 lazyload\" sizes=\"(max-width: 470px) 100vw, 470px\" data-src=\"https:\/\/www.fpmislata.com\/wordpress\/wp-content\/uploads\/IntermonOxfam-1.png\" data-srcset=\"https:\/\/www.fpmislata.com\/wordpress\/wp-content\/uploads\/IntermonOxfam-1.png 470w, https:\/\/www.fpmislata.com\/wordpress\/wp-content\/uploads\/IntermonOxfam-1-300x160.png 300w\"><\/figure><\/div>\n","protected":false},"excerpt":{"rendered":"<p>El pr\u00f3ximo jueves d\u00eda 10 de diciembre de 2020, el CIPFP Mislata abrir\u00e1 por sexto a\u00f1o consecutivo una tienda de Comercio justo en sus instalaciones, situada en el aula 2B2 (segundo piso, pasillo B, al final del pasillo), hasta el viernes 18 de diciembre de 2020 inclusive en horario de 9.55 a 11.10 por la&hellip;<\/p>\n","protected":false},"author":3,"featured_media":6387,"comment_status":"open","ping_status":"open","sticky":false,"template":"","format":"standard","meta":{"ngg_post_thumbnail":0},"categories":[2,17],"tags":[],"_links":{"self":[{"href":"https:\/\/www.fpmislata.com\/wordpress\/wp-json\/wp\/v2\/posts\/6385"}],"collection":[{"href":"https:\/\/www.fpmislata.com\/wordpress\/wp-json\/wp\/v2\/posts"}],"about":[{"href":"https:\/\/www.fpmislata.com\/wordpress\/wp-json\/wp\/v2\/types\/post"}],"author":[{"embeddable":true,"href":"https:\/\/www.fpmislata.com\/wordpress\/wp-json\/wp\/v2\/users\/3"}],"replies":[{"embeddable":true,"href":"https:\/\/www.fpmislata.com\/wordpress\/wp-json\/wp\/v2\/comments?post=6385"}],"version-history":[{"count":0,"href":"https:\/\/www.fpmislata.com\/wordpress\/wp-json\/wp\/v2\/posts\/6385\/revisions"}],"wp:featuredmedia":[{"embeddable":true,"href":"https:\/\/www.fpmislata.com\/wordpress\/wp-json\/wp\/v2\/media\/6387"}],"wp:attachment":[{"href":"https:\/\/www.fpmislata.com\/wordpress\/wp-json\/wp\/v2\/media?parent=6385"}],"wp:term":[{"taxonomy":"category","embeddable":true,"href":"https:\/\/www.fpmislata.com\/wordpress\/wp-json\/wp\/v2\/categories?post=6385"},{"taxonomy":"post_tag","embeddable":true,"href":"https:\/\/www.fpmislata.com\/wordpress\/wp-json\/wp\/v2\/tags?post=6385"}],"curies":[{"name":"wp","href":"https:\/\/api.w.org\/{rel}","templated":true}]}}