{"id":6597,"date":"2021-02-11T05:57:32","date_gmt":"2021-02-11T09:57:32","guid":{"rendered":"https:\/\/www.fpmislata.com\/wordpress\/?p=6597"},"modified":"2021-03-01T06:48:53","modified_gmt":"2021-03-01T10:48:53","slug":"dia-internacional-de-mujer-y-nina-en-la-ciencia","status":"publish","type":"post","link":"https:\/\/www.fpmislata.com\/wordpress\/dia-internacional-de-mujer-y-nina-en-la-ciencia\/","title":{"rendered":"Dia internacional de Mujer y ni\u00f1a en la ciencia"},"content":{"rendered":"<div><span style=\"font-family: arial,            sans-serif; font-size: large;\">El d\u00eda <b>11 de febrero<\/b> se celebra el <a href=\"https:\/\/www.un.org\/es\/observances\/women-and-girls-in-science-day\/\" target=\"_blank\" rel=\"noopener noreferrer\" data-saferedirecturl=\"https:\/\/www.google.com\/url?q=https:\/\/www.un.org\/es\/observances\/women-and-girls-in-science-day\/&amp;source=gmail&amp;ust=1613122678981000&amp;usg=AFQjCNGrfXKTipKA_0xJiATamGJ73GM1rg\"><u><b>D\u00eda Internacional de la M<\/b><\/u><u><b>ujer y la Ni\u00f1a en la Ciencia<\/b><\/u><\/a> y queremos rendir homenaje a este d\u00eda tan importante para todos\/as nosotros\/as.<\/span><\/div>\n<div><span style=\"font-family: arial,            sans-serif; font-size: large;\">&nbsp;<\/span><\/div>\n<div><span style=\"font-family: arial,            sans-serif; font-size: large;\"><span style=\"color: #000000;\">Por eso<\/span> <span style=\"color: #000000;\">ten\u00e9is aqu\u00ed<\/span> <span style=\"color: #000000;\"><u><b>informaci\u00f3n sobre distintos proyectos e iniciativas<\/b><\/u><\/span><span style=\"color: #000000;\"> llevados a cabo para visibilizar e impulsar el trabajo de las mujeres en la ciencia y fomentar la vocaci\u00f3n cient\u00edfica entre las ni\u00f1as y j\u00f3venes. Tambi\u00e9n existen&nbsp;<\/span> <span style=\"color: #000000;\"><u><b>materiales <\/b><\/u><\/span><span style=\"color: #000000;\"><u><b>y recursos<\/b><\/u><\/span><span style=\"color: #000000;\"><u><b> online<\/b><\/u><\/span><span style=\"color: #000000;\"> para que&nbsp; trabajar <\/span><span style=\"color: #000000;\">y<\/span><span style=\"color: #000000;\"> celebrar <\/span><span style=\"color: #000000;\">este gran d\u00eda<\/span><span style=\"color: #000000;\">. <\/span><span style=\"color: #000000;\">Adem\u00e1s, <\/span><span style=\"color: #000000;\">podr\u00e9is encontrar&nbsp;<\/span><span style=\"color: #000000;\"><u><b>actividades y eventos<\/b><\/u><\/span><span style=\"color: #000000;\"> que se llevar\u00e1n a cabo este a\u00f1o 2021.<br \/>\n<\/span><\/span><\/div>\n<div>&nbsp;<\/div>\n<div><a href=\"https:\/\/portal.edu.gva.es\/cefireambitctm\/es\/2021\/02\/05\/dia-internacional-de-la-mujer-y-la-nina-en-la-ciencia-11-de-febrero-de-2021\/\" target=\"_blank\" rel=\"noopener noreferrer\"><span style=\"font-size: 12pt;\">CEFIRE \u00e1mbito ciencia y tecnolog\u00eda<\/span><\/a><\/div>\n<div>&nbsp;<\/div>\n<div><a href=\"http:\/\/womanation.es\/\" target=\"_blank\" rel=\"noopener noreferrer\"><span style=\"font-size: 12pt;\">WOMANATION.ES<\/span><\/a><\/div>\n<div>&nbsp;<\/div>\n<div><a href=\"https:\/\/www.un.org\/es\/observances\/women-and-girls-in-science-day\/\" target=\"_blank\" rel=\"noopener noreferrer\">Naciones Unidas<\/a><\/div>\n","protected":false},"excerpt":{"rendered":"<p>El d\u00eda 11 de febrero se celebra el D\u00eda Internacional de la Mujer y la Ni\u00f1a en la Ciencia y queremos rendir homenaje a este d\u00eda tan importante para todos\/as nosotros\/as. &nbsp; Por eso ten\u00e9is aqu\u00ed informaci\u00f3n sobre distintos proyectos e iniciativas llevados a cabo para visibilizar e impulsar el trabajo de las mujeres en&hellip;<\/p>\n","protected":false},"author":3,"featured_media":6601,"comment_status":"open","ping_status":"open","sticky":false,"template":"","format":"standard","meta":{"ngg_post_thumbnail":0},"categories":[2,17],"tags":[80,81,79],"_links":{"self":[{"href":"https:\/\/www.fpmislata.com\/wordpress\/wp-json\/wp\/v2\/posts\/6597"}],"collection":[{"href":"https:\/\/www.fpmislata.com\/wordpress\/wp-json\/wp\/v2\/posts"}],"about":[{"href":"https:\/\/www.fpmislata.com\/wordpress\/wp-json\/wp\/v2\/types\/post"}],"author":[{"embeddable":true,"href":"https:\/\/www.fpmislata.com\/wordpress\/wp-json\/wp\/v2\/users\/3"}],"replies":[{"embeddable":true,"href":"https:\/\/www.fpmislata.com\/wordpress\/wp-json\/wp\/v2\/comments?post=6597"}],"version-history":[{"count":0,"href":"https:\/\/www.fpmislata.com\/wordpress\/wp-json\/wp\/v2\/posts\/6597\/revisions"}],"wp:featuredmedia":[{"embeddable":true,"href":"https:\/\/www.fpmislata.com\/wordpress\/wp-json\/wp\/v2\/media\/6601"}],"wp:attachment":[{"href":"https:\/\/www.fpmislata.com\/wordpress\/wp-json\/wp\/v2\/media?parent=6597"}],"wp:term":[{"taxonomy":"category","embeddable":true,"href":"https:\/\/www.fpmislata.com\/wordpress\/wp-json\/wp\/v2\/categories?post=6597"},{"taxonomy":"post_tag","embeddable":true,"href":"https:\/\/www.fpmislata.com\/wordpress\/wp-json\/wp\/v2\/tags?post=6597"}],"curies":[{"name":"wp","href":"https:\/\/api.w.org\/{rel}","templated":true}]}}