{"id":6690,"date":"2021-03-25T06:41:00","date_gmt":"2021-03-25T10:41:00","guid":{"rendered":"https:\/\/www.fpmislata.com\/wordpress\/?p=6690"},"modified":"2021-03-26T07:48:32","modified_gmt":"2021-03-26T11:48:32","slug":"evento-transformant","status":"publish","type":"post","link":"https:\/\/www.fpmislata.com\/wordpress\/evento-transformant\/","title":{"rendered":"Esdeveniment #TRANSFORMANT"},"content":{"rendered":"<p><span style=\"font-size: 12pt;\"><strong>Esdeveniment online contra la transf\u00f2bia organitzat per alumnes de diversos de centres de Formaci\u00f3 Professional de la prov\u00edncia de Val\u00e8ncia<\/strong>.<\/span><\/p>\n<p><span style=\"font-size: 10pt;\">La paraula trans fa refer\u00e8ncia a les persones la identitat de g\u00e8nere de les quals \u00e9s diferent a la del sexe que se&#8217;ls va assignar en n\u00e0ixer. \u00c9s a dir, no se senten identificades amb el g\u00e8nere assignat. Des de l&#8217;antiguitat fins als nostres dies, existeixen registres de persones trans en moltes cultures i societats.<\/span><\/p>\n<p><span style=\"font-size: 10pt;\">Actualment, moltes persones trans es troben en situacions complicades, tant en l\u2019\u00e1mbit laboral, com en l\u2019\u00e0mbit social i, malauradament, en les seues llars. A tot el m\u00f3n pateixen agressions, discriminacions i injust\u00edcies per la seua identitat de g\u00e8nere. Segons dades de la Federaci\u00f3 Estatal de Lesbianes, Gais, Trans i Bisexuals, en aquest \u00faltim any, un 16% han sigut v\u00edctimes d&#8217;agressions o abusos sexuals i el 72% s&#8217;amaguen per por o rebuig.<\/span><\/p>\n<p><span style=\"font-size: 10pt;\">Per aquesta ra\u00f3, els alumnes de primer curs del Cicle Superior d&#8217;Ag\u00e8ncies de Viatges i Gesti\u00f3 d&#8217;Esdeveniments del Centre Integrat P\u00fablic de Formaci\u00f3 Professional (CIPFP) Mislata, en col\u00b7laboraci\u00f3 amb el departament d&#8217;Inform\u00e0tica i amb els alumnes del Cicle Superior d&#8217;Educaci\u00f3 Infantil del CIPFP Miseric\u00f2rdia de Val\u00e8ncia, volen contribuir a millorar la vida de les persones trans amb un <\/span><span style=\"font-size: 10pt;\">esdeveniment educatiu online. Un lloc de confian\u00e7a, amb testimonis de persones trans i aportacions d&#8217;experts i expertes, per a conscienciar a la societat de com de delicat, mal ent\u00e9s i poc respectat est\u00e0 aquest tema actualment.<\/span><\/p>\n<p><span style=\"font-size: 10pt;\">Aquesta iniciativa va sorgir a classe, quan la professora de Protocol i Relacions P\u00fabliques, els va proposar organitzar un esdeveniment en l\u00ednia al voltant d&#8217;un tema triat per ells. La majoria van proposar temes rellevants, socials, no entesos; vol\u00eden ajudar la societat a&nbsp; escoltar, a entendre&#8217;s. Per unanimitat votaren per la lluita contra la transf\u00f2bia i plantej\u00e0ren els seg\u00fcents <\/span><span style=\"font-size: 10pt;\">objectius:<\/span><\/p>\n<ul>\n<li><span style=\"font-size: 10pt;\">Educar sobre la diversitat sexual.<\/span><\/li>\n<li><span style=\"font-size: 10pt;\">Visibilitzar els problemes de les persones trans.<\/span><\/li>\n<li><span style=\"font-size: 10pt;\">Modificar prejudicis per a aconseguir respecte i igualtat cap a les persones trans.<\/span><\/li>\n<li><span style=\"font-size: 10pt;\">Aconseguir millor integraci\u00f3 laboral.<\/span><\/li>\n<\/ul>\n<p><span style=\"font-size: 10pt;\">L&#8217;esdeveniment es celebrar\u00e0 en <strong><a href=\"http:\/\/transformant.es\/\" target=\"_blank\" rel=\"noopener noreferrer\">transformant.es<\/a><\/strong> els dies <strong>29 i 30 de mar\u00e7<\/strong>, previs al Dia Internacional per la Visibilitat Trans. Comptar\u00e0 amb entrevistes, testimonis, xarrades en l\u00ednia, v\u00eddeos, enlla\u00e7os, podcast i tota la informaci\u00f3 possible sobre el tema.<\/span><\/p>\n<p style=\"text-align: center;\"><a href=\"https:\/\/www.fpmislata.com\/wordpress\/wp-content\/uploads\/TransformantPrograma.jpg\" target=\"_blank\" rel=\"noopener noreferrer\"><img loading=\"lazy\" class=\"aligncenter wp-image-6914 size-large lazyload\" src=\"data:image\/gif;base64,R0lGODlhAQABAAAAACH5BAEKAAEALAAAAAABAAEAAAICTAEAOw==\" alt=\"\" width=\"640\" height=\"454\" sizes=\"(max-width: 640px) 100vw, 640px\" data-src=\"https:\/\/www.fpmislata.com\/wordpress\/wp-content\/uploads\/TransformantPrograma-800x568.jpg\" data-srcset=\"https:\/\/www.fpmislata.com\/wordpress\/wp-content\/uploads\/TransformantPrograma-800x568.jpg 800w, https:\/\/www.fpmislata.com\/wordpress\/wp-content\/uploads\/TransformantPrograma-300x213.jpg 300w, https:\/\/www.fpmislata.com\/wordpress\/wp-content\/uploads\/TransformantPrograma-768x546.jpg 768w, https:\/\/www.fpmislata.com\/wordpress\/wp-content\/uploads\/TransformantPrograma-340x240.jpg 340w, https:\/\/www.fpmislata.com\/wordpress\/wp-content\/uploads\/TransformantPrograma.jpg 874w\"><\/a><\/p>\n<p><span style=\"font-size: 10pt;\">Us convid<\/span><span style=\"font-size: 10pt;\">em a totes i tots a participar i unir-vos a #TransFormant. Per a aprendre, visibilitzar i millorar la vida de les persones trans.<\/span><\/p>\n<p>&nbsp;<\/p>\n","protected":false},"excerpt":{"rendered":"<p>Esdeveniment online contra la transf\u00f2bia organitzat per alumnes de diversos de centres de Formaci\u00f3 Professional de la prov\u00edncia de Val\u00e8ncia. La paraula trans fa refer\u00e8ncia a les persones la identitat de g\u00e8nere de les quals \u00e9s diferent a la del sexe que se&#8217;ls va assignar en n\u00e0ixer. \u00c9s a dir, no se senten identificades amb&hellip;<\/p>\n","protected":false},"author":3,"featured_media":6691,"comment_status":"open","ping_status":"open","sticky":true,"template":"","format":"standard","meta":{"ngg_post_thumbnail":0},"categories":[2,17],"tags":[76,78,74,77,75],"_links":{"self":[{"href":"https:\/\/www.fpmislata.com\/wordpress\/wp-json\/wp\/v2\/posts\/6690"}],"collection":[{"href":"https:\/\/www.fpmislata.com\/wordpress\/wp-json\/wp\/v2\/posts"}],"about":[{"href":"https:\/\/www.fpmislata.com\/wordpress\/wp-json\/wp\/v2\/types\/post"}],"author":[{"embeddable":true,"href":"https:\/\/www.fpmislata.com\/wordpress\/wp-json\/wp\/v2\/users\/3"}],"replies":[{"embeddable":true,"href":"https:\/\/www.fpmislata.com\/wordpress\/wp-json\/wp\/v2\/comments?post=6690"}],"version-history":[{"count":0,"href":"https:\/\/www.fpmislata.com\/wordpress\/wp-json\/wp\/v2\/posts\/6690\/revisions"}],"wp:featuredmedia":[{"embeddable":true,"href":"https:\/\/www.fpmislata.com\/wordpress\/wp-json\/wp\/v2\/media\/6691"}],"wp:attachment":[{"href":"https:\/\/www.fpmislata.com\/wordpress\/wp-json\/wp\/v2\/media?parent=6690"}],"wp:term":[{"taxonomy":"category","embeddable":true,"href":"https:\/\/www.fpmislata.com\/wordpress\/wp-json\/wp\/v2\/categories?post=6690"},{"taxonomy":"post_tag","embeddable":true,"href":"https:\/\/www.fpmislata.com\/wordpress\/wp-json\/wp\/v2\/tags?post=6690"}],"curies":[{"name":"wp","href":"https:\/\/api.w.org\/{rel}","templated":true}]}}