{"id":6899,"date":"2021-03-24T13:15:43","date_gmt":"2021-03-24T17:15:43","guid":{"rendered":"https:\/\/www.fpmislata.com\/wordpress\/?p=6899"},"modified":"2021-03-24T13:19:54","modified_gmt":"2021-03-24T17:19:54","slug":"becas-ivace-especializacion-en-comercio-exterior","status":"publish","type":"post","link":"https:\/\/www.fpmislata.com\/wordpress\/becas-ivace-especializacion-en-comercio-exterior\/","title":{"rendered":"Becas IVACE  especializacion en comercio exterior"},"content":{"rendered":"<table style=\"border-collapse: collapse; width: 100%;\">\n<tbody>\n<tr>\n<td style=\"width: 50%;\"><a href=\"https:\/\/www.fpmislata.com\/wordpress\/wp-content\/uploads\/IVACE-1.png\"><img loading=\"lazy\" class=\"size-medium wp-image-6900 alignleft lazyload\" src=\"data:image\/gif;base64,R0lGODlhAQABAAAAACH5BAEKAAEALAAAAAABAAEAAAICTAEAOw==\" alt=\"\" width=\"300\" height=\"68\" sizes=\"(max-width: 300px) 100vw, 300px\" data-src=\"https:\/\/www.fpmislata.com\/wordpress\/wp-content\/uploads\/IVACE-1-300x68.png\" data-srcset=\"https:\/\/www.fpmislata.com\/wordpress\/wp-content\/uploads\/IVACE-1-300x68.png 300w, https:\/\/www.fpmislata.com\/wordpress\/wp-content\/uploads\/IVACE-1-800x180.png 800w, https:\/\/www.fpmislata.com\/wordpress\/wp-content\/uploads\/IVACE-1-768x173.png 768w, https:\/\/www.fpmislata.com\/wordpress\/wp-content\/uploads\/IVACE-1.png 1439w\"><\/a><\/td>\n<td style=\"width: 50%;\"><a href=\"https:\/\/www.fpmislata.com\/wordpress\/wp-content\/uploads\/UE.png\"><img loading=\"lazy\" class=\"size-medium wp-image-6901 alignright lazyload\" src=\"data:image\/gif;base64,R0lGODlhAQABAAAAACH5BAEKAAEALAAAAAABAAEAAAICTAEAOw==\" alt=\"\" width=\"300\" height=\"84\" sizes=\"(max-width: 300px) 100vw, 300px\" data-src=\"https:\/\/www.fpmislata.com\/wordpress\/wp-content\/uploads\/UE-300x84.png\" data-srcset=\"https:\/\/www.fpmislata.com\/wordpress\/wp-content\/uploads\/UE-300x84.png 300w, https:\/\/www.fpmislata.com\/wordpress\/wp-content\/uploads\/UE-800x223.png 800w, https:\/\/www.fpmislata.com\/wordpress\/wp-content\/uploads\/UE-768x214.png 768w, https:\/\/www.fpmislata.com\/wordpress\/wp-content\/uploads\/UE.png 1090w\"><\/a><\/td>\n<\/tr>\n<\/tbody>\n<\/table>\n<h2 style=\"text-align: center;\"><strong>BECAS IVACE E+E, EXPORTACI\u00d3N Y EMPLEO 2021<\/strong><\/h2>\n<p><strong>&nbsp;<\/strong><span style=\"font-size: 10pt;\"><strong>IVACE<\/strong>, Instituto Valenciano de la Competitividad Empresarial, lanza una <strong>convocatoria<\/strong> <strong>de <span style=\"color: #ff0000;\">40 Becas <span style=\"font-size: 12pt;\">REMUNERADAS<\/span><\/span> (850 euros\/mes) para <span style=\"color: #ff0000;\">la especializaci\u00f3n en comercio exterior,<\/span> Becas IVACE E+E, EXPORTACI\u00d3N Y EMPLEO 2021.<\/strong><\/span><\/p>\n<p>&nbsp;<\/p>\n<p><strong><span style=\"color: #ff0000;\">DIRIGIDAS A TECNICOS\/AS de ciclo MEDIO o SUPERIOR de FP<\/span> <\/strong><\/p>\n<p>&nbsp;<\/p>\n<p>El plazo de inscripci\u00f3n <strong>finaliza el 30 de abril de 2021.<\/strong><\/p>\n<p>&nbsp;<\/p>\n<p>Estas becas combinan la <strong><u>formaci\u00f3n te\u00f3rica<\/u> <\/strong>a trav\u00e9s de dos cursos, el curso de Gesti\u00f3n Operativa del Comercio Exterior, y el curso de ingl\u00e9s para el comercio internacional, con las <strong><u>pr\u00e1cticas<\/u><\/strong> en departamentos de exportaci\u00f3n en empresas, asociaciones y federaciones de la Comunitat Valenciana.<\/p>\n<p>&nbsp;&nbsp;&nbsp;&nbsp;&nbsp;&nbsp;&nbsp;&nbsp; &nbsp;&nbsp;&nbsp;&nbsp;&nbsp; &nbsp;<\/p>\n<p>Los <u>requisitos de acceso<\/u> son los siguientes:<\/p>\n<ul>\n<li>Ser titulado\/a de ciclos formativos de grado MEDIO y SUPERIOR de las familias de:\n<ul>\n<li>Administraci\u00f3n y gesti\u00f3n<\/li>\n<li>Comercio y Marketing.<\/li>\n<\/ul>\n<\/li>\n<li>Tener un nivel b\u00e1sico-medio de ingl\u00e9s.<\/li>\n<li>Ser menor de 30 a\u00f1os.<\/li>\n<li>Estar desempleado\/a.<\/li>\n<li>Ser ciudadano\/a europeo\/, haber nacido, o estar empadronado\/a en la Comunitat Valenciana<\/li>\n<li>Estar inscrito\/a en el Fichero Nacional de Garant\u00eda Juvenil.<\/li>\n<\/ul>\n<p>&nbsp;&nbsp;&nbsp;&nbsp;&nbsp;&nbsp;&nbsp;&nbsp;&nbsp;&nbsp;&nbsp;&nbsp;&nbsp;&nbsp;&nbsp;&nbsp;&nbsp;<\/p>\n<p><strong>&nbsp;<\/strong><\/p>\n<p>Pod\u00e9is consultar m\u00e1s informaci\u00f3n en el siguiente enlace:<\/p>\n<p><a href=\"https:\/\/www.ivace.es\/index.php\/es\/becas\/convocatoria-vigente\/54705-becas-ivace-e-e-exportacion-y-empleo-2021\" target=\"_blank\" rel=\"noopener noreferrer\">BECAS IVACE E+E, EXPORTACI\u00d3N Y EMPLEO 2021<\/a><\/p>\n<p>&nbsp;<\/p>\n<p>Pincha aqu\u00ed para inscribirte:<\/p>\n<p><a href=\"http:\/\/intranet2.internacional.ivace.es\/apps\/becas\/Becas_eye_2021.nsf\/fa_preinscripcion?OpenForm\" target=\"_blank\" rel=\"noopener noreferrer\">INSCRIPCI\u00d3 BECA E+E 2021<\/a><\/p>\n<p>&nbsp;<\/p>\n<p><strong><u>M\u00e1s informaci\u00f3n:<\/u><\/strong><\/p>\n<ul>\n<li>ivace.es<\/li>\n<li>96 120 96 64<\/li>\n<li>ivace@gva.es<\/li>\n<\/ul>\n<p>&nbsp;<\/p>\n<p>&nbsp;<\/p>\n<p>&nbsp;<\/p>\n","protected":false},"excerpt":{"rendered":"<p>BECAS IVACE E+E, EXPORTACI\u00d3N Y EMPLEO 2021 &nbsp;IVACE, Instituto Valenciano de la Competitividad Empresarial, lanza una convocatoria de 40 Becas REMUNERADAS (850 euros\/mes) para la especializaci\u00f3n en comercio exterior, Becas IVACE E+E, EXPORTACI\u00d3N Y EMPLEO 2021. &nbsp; DIRIGIDAS A TECNICOS\/AS de ciclo MEDIO o SUPERIOR de FP &nbsp; El plazo de inscripci\u00f3n finaliza el 30&hellip;<\/p>\n","protected":false},"author":3,"featured_media":6904,"comment_status":"open","ping_status":"open","sticky":false,"template":"","format":"standard","meta":{"ngg_post_thumbnail":0},"categories":[2,17],"tags":[],"_links":{"self":[{"href":"https:\/\/www.fpmislata.com\/wordpress\/wp-json\/wp\/v2\/posts\/6899"}],"collection":[{"href":"https:\/\/www.fpmislata.com\/wordpress\/wp-json\/wp\/v2\/posts"}],"about":[{"href":"https:\/\/www.fpmislata.com\/wordpress\/wp-json\/wp\/v2\/types\/post"}],"author":[{"embeddable":true,"href":"https:\/\/www.fpmislata.com\/wordpress\/wp-json\/wp\/v2\/users\/3"}],"replies":[{"embeddable":true,"href":"https:\/\/www.fpmislata.com\/wordpress\/wp-json\/wp\/v2\/comments?post=6899"}],"version-history":[{"count":0,"href":"https:\/\/www.fpmislata.com\/wordpress\/wp-json\/wp\/v2\/posts\/6899\/revisions"}],"wp:featuredmedia":[{"embeddable":true,"href":"https:\/\/www.fpmislata.com\/wordpress\/wp-json\/wp\/v2\/media\/6904"}],"wp:attachment":[{"href":"https:\/\/www.fpmislata.com\/wordpress\/wp-json\/wp\/v2\/media?parent=6899"}],"wp:term":[{"taxonomy":"category","embeddable":true,"href":"https:\/\/www.fpmislata.com\/wordpress\/wp-json\/wp\/v2\/categories?post=6899"},{"taxonomy":"post_tag","embeddable":true,"href":"https:\/\/www.fpmislata.com\/wordpress\/wp-json\/wp\/v2\/tags?post=6899"}],"curies":[{"name":"wp","href":"https:\/\/api.w.org\/{rel}","templated":true}]}}