{"id":7004,"date":"2021-04-14T00:20:36","date_gmt":"2021-04-14T04:20:36","guid":{"rendered":"https:\/\/www.fpmislata.com\/wordpress\/?p=7004"},"modified":"2021-04-14T17:28:05","modified_gmt":"2021-04-14T21:28:05","slug":"puertas-abiertas-21-22","status":"publish","type":"post","link":"https:\/\/www.fpmislata.com\/wordpress\/puertas-abiertas-21-22\/","title":{"rendered":"Puertas Abiertas 21-22"},"content":{"rendered":"<p>Celebramos nuestra <a href=\"https:\/\/www.fpmislata.com\/wordpress\/puertas-abiertas-2021\/\" target=\"_blank\" rel=\"noopener noreferrer\">jornada de puertas abiertas para el curso 2021-2022<\/a> de forma ONLINE. Tendr\u00e1s accesible,&nbsp; los<strong> d\u00edas 15 y 16 de abril<\/strong>, <span style=\"color: #ff0000;\">v\u00eddeos informativos, cortos y \u00e1giles, para que puedas conocer mejor nuestra oferta formativa<\/span> de ciclos formativos de grado superior y cursos de especializaci\u00f3n de las familias de Inform\u00e1tica, Turismo, Administraci\u00f3n, Comercio y Marketing, \u00d3ptica y Sanidad.<\/p>\n<div class=\"su-button-center\"><a href=\"https:\/\/www.fpmislata.com\/wordpress\/puertas-abiertas-2021\/\" class=\"su-button su-button-style-stroked\" style=\"color:#090808;background-color:#2d97ef;border-color:#2479c0;border-radius:5px;-moz-border-radius:5px;-webkit-border-radius:5px\" target=\"_blank\" rel=\"noopener noreferrer\"><span style=\"color:#090808;padding:0px 16px;font-size:13px;line-height:26px;border-color:#6cb7f4;border-radius:5px;-moz-border-radius:5px;-webkit-border-radius:5px;text-shadow:none;-moz-text-shadow:none;-webkit-text-shadow:none\"> Acceso a v\u00eddeos<\/span><\/a><\/div>\n<p><b>NOVEDADES DEL CURSO 21\/22<\/b><\/p>\n<p>Como novedad, el pr\u00f3ximo curso se incorpora el CFGS de <strong>Publicidad y Marketing<\/strong>, que sustituye al ciclo de Gesti\u00f3n de Ventas y Espacios Comerciales que se ven\u00eda impartiendo en el centro. De esta manera, el CIPFP Mislata se convierte en el segundo centro p\u00fablico que imparte este ciclo dentro de la provincia de Val\u00e8ncia.<\/p>\n<p>Este a\u00f1o tambi\u00e9n se incorpora a la oferta educativa un <strong>Curso de Especializaci\u00f3n en Inteligencia Artificial y Big Data<\/strong>, dentro de la familia de Inform\u00e1tica. Este curso se suma al <strong>Curso de Especializaci\u00f3n en Ciberseguridad<\/strong>, que ya se imparte en el centro actualmente, y que vienen a ser el equivalente a los M\u00e1ster para Formaci\u00f3n Profesional.<\/p>\n<p>&nbsp;<\/p>\n<p><b>CALIDAD PEDAG\u00d3GICA<\/b><\/p>\n<p>Este centro apuesta por ofrecer la m\u00e1xima calidad en sus actividades docentes, con el objetivo de dotar a los alumnos de recursos que les permitan acceder en buenas condiciones al mercado de trabajo y desenvolverse en \u00e9l adecuadamente. El centro est\u00e1 certificado por la <strong>ISO 9001\/2015<\/strong> que avala dicha calidad mediante auditor\u00eda anuales.<\/p>\n<p>&nbsp;<\/p>\n<p><b>OS RECORDAMOS NUESTRA <a href=\"https:\/\/www.fpmislata.com\/wordpress\/ciclos-formativos\/\" target=\"_blank\" rel=\"noopener noreferrer\">OFERTA FORMATIVA<\/a><\/b><\/p>\n<p>Dentro de los ciclos formativos en <strong>administraci\u00f3n<\/strong> el centro imparte el CFGS Administraci\u00f3n y Finanzas.<\/p>\n<p>En la familia de <strong>comercio y marketing<\/strong> se imparten encontrar el CFGS en Marketing y Publicidad y el CFGS de Comercio Internacional.<\/p>\n<p>Dentro de los ciclos formativos en <strong>inform\u00e1tica<\/strong> podemos encontrar el CFGS de Desarrollo en Aplicaciones Web, del CFGS de Desarrollo en Aplicaciones Multiplataforma y el CFGS de Administraci\u00f3n de Sistemas Inform\u00e1ticos en Red.<\/p>\n<p>En la familia profesional de <strong>turismo<\/strong>, el centro imparte el CFGS de Gu\u00eda, Informaci\u00f3n y Asistencias Tur\u00edsticas, el CFGS de Agencias de Viajes y Gesti\u00f3n de Eventos y el CFGS de Gesti\u00f3n de Alojamientos Tur\u00edsticos.<\/p>\n<p>Dentro de los ciclos formativos en <strong>\u00f3ptica <\/strong>podemos encontrar el CFGS de \u00d3ptica de Anteojer\u00eda, \u00fanico en la comunidad Valenciana.<\/p>\n<p>Y por \u00faltimo, dentro de los ciclos formativos en <strong>sanidad<\/strong> podemos encontrar el CFGS de Laboratorio Cl\u00ednico y Biom\u00e9dico.<\/p>\n<p>El centro dispone de tres modalidades de formaci\u00f3n: presencial, semipresencial o FP Dual, que combina pr\u00e1cticas en empresa con formaci\u00f3n presencial.<\/p>\n","protected":false},"excerpt":{"rendered":"<p>Celebramos nuestra jornada de puertas abiertas para el curso 2021-2022 de forma ONLINE. Tendr\u00e1s accesible,&nbsp; los d\u00edas 15 y 16 de abril, v\u00eddeos informativos, cortos y \u00e1giles, para que puedas conocer mejor nuestra oferta formativa de ciclos formativos de grado superior y cursos de especializaci\u00f3n de las familias de Inform\u00e1tica, Turismo, Administraci\u00f3n, Comercio y Marketing,&hellip;<\/p>\n","protected":false},"author":3,"featured_media":7000,"comment_status":"open","ping_status":"open","sticky":true,"template":"","format":"standard","meta":{"ngg_post_thumbnail":0},"categories":[2,17],"tags":[86,59,87,85,88],"_links":{"self":[{"href":"https:\/\/www.fpmislata.com\/wordpress\/wp-json\/wp\/v2\/posts\/7004"}],"collection":[{"href":"https:\/\/www.fpmislata.com\/wordpress\/wp-json\/wp\/v2\/posts"}],"about":[{"href":"https:\/\/www.fpmislata.com\/wordpress\/wp-json\/wp\/v2\/types\/post"}],"author":[{"embeddable":true,"href":"https:\/\/www.fpmislata.com\/wordpress\/wp-json\/wp\/v2\/users\/3"}],"replies":[{"embeddable":true,"href":"https:\/\/www.fpmislata.com\/wordpress\/wp-json\/wp\/v2\/comments?post=7004"}],"version-history":[{"count":0,"href":"https:\/\/www.fpmislata.com\/wordpress\/wp-json\/wp\/v2\/posts\/7004\/revisions"}],"wp:featuredmedia":[{"embeddable":true,"href":"https:\/\/www.fpmislata.com\/wordpress\/wp-json\/wp\/v2\/media\/7000"}],"wp:attachment":[{"href":"https:\/\/www.fpmislata.com\/wordpress\/wp-json\/wp\/v2\/media?parent=7004"}],"wp:term":[{"taxonomy":"category","embeddable":true,"href":"https:\/\/www.fpmislata.com\/wordpress\/wp-json\/wp\/v2\/categories?post=7004"},{"taxonomy":"post_tag","embeddable":true,"href":"https:\/\/www.fpmislata.com\/wordpress\/wp-json\/wp\/v2\/tags?post=7004"}],"curies":[{"name":"wp","href":"https:\/\/api.w.org\/{rel}","templated":true}]}}