{"id":7271,"date":"2021-04-28T13:58:08","date_gmt":"2021-04-28T17:58:08","guid":{"rendered":"https:\/\/www.fpmislata.com\/wordpress\/?p=7271"},"modified":"2021-04-28T15:45:14","modified_gmt":"2021-04-28T19:45:14","slug":"ponencia-espais-i-aules-stem","status":"publish","type":"post","link":"https:\/\/www.fpmislata.com\/wordpress\/ponencia-espais-i-aules-stem\/","title":{"rendered":"Ponencia en \u00abEspais i Aules STEM\u00bb"},"content":{"rendered":"<div>Hoy hemos participado como ponentes en el curso del CEFIRE \u00abEspais i Aules STEM\u00bb.&nbsp;<\/div>\n<div>En esta ponencia hemos compartido nuestro proyecto Repensem els Espais con docentes que est\u00e1n realizando esa formaci\u00f3n.&nbsp; Les hemos narrado nuestras vivencias en la intervenci\u00f3n sobre los espacios del centro y la evoluci\u00f3n hacia metodolog\u00edas activas.De d\u00f3nde part\u00edamos, que hemos logrado y hacia d\u00f3nde vamos.&nbsp;<\/div>\n<div>Nuestra experiencia les ha parecido muy&nbsp;interesante y motivadora.<\/div>\n<div>&nbsp;<\/div>\n<div><a href=\"https:\/\/www.fpmislata.com\/wordpress\/wp-content\/uploads\/20210426_173048-scaled.jpg\"><img loading=\"lazy\" class=\"size-medium wp-image-7272 aligncenter lazyload\" src=\"data:image\/gif;base64,R0lGODlhAQABAAAAACH5BAEKAAEALAAAAAABAAEAAAICTAEAOw==\" alt=\"\" width=\"300\" height=\"203\" sizes=\"(max-width: 300px) 100vw, 300px\" data-src=\"https:\/\/www.fpmislata.com\/wordpress\/wp-content\/uploads\/20210426_173048-300x203.jpg\" data-srcset=\"https:\/\/www.fpmislata.com\/wordpress\/wp-content\/uploads\/20210426_173048-300x203.jpg 300w, https:\/\/www.fpmislata.com\/wordpress\/wp-content\/uploads\/20210426_173048-800x541.jpg 800w, https:\/\/www.fpmislata.com\/wordpress\/wp-content\/uploads\/20210426_173048-768x519.jpg 768w, https:\/\/www.fpmislata.com\/wordpress\/wp-content\/uploads\/20210426_173048-1536x1038.jpg 1536w, https:\/\/www.fpmislata.com\/wordpress\/wp-content\/uploads\/20210426_173048-2048x1385.jpg 2048w\"><\/a><\/div>\n<div>&nbsp;<\/div>\n<div>Si deseas saber m\u00e1s sobre nuestra experiencia en Escuelas Creativas y el proyecto \u00abRepensem els nostres espais\u00bb sobre el Aula del Futuro <a href=\"https:\/\/www.fpmislata.com\/wordpress\/aula-del-futuro\/\">pulsa aqu\u00ed<\/a><\/div>\n<div>&nbsp;<\/div>\n<div>&nbsp;<\/div>\n<div><a href=\"https:\/\/www.fpmislata.com\/wordpress\/aula-del-futuro\/\"><img loading=\"lazy\" class=\"aligncenter size-medium wp-image-7280 lazyload\" src=\"data:image\/gif;base64,R0lGODlhAQABAAAAACH5BAEKAAEALAAAAAABAAEAAAICTAEAOw==\" alt=\"\" width=\"300\" height=\"120\" sizes=\"(max-width: 300px) 100vw, 300px\" data-src=\"https:\/\/www.fpmislata.com\/wordpress\/wp-content\/uploads\/AulaFuturo-1-300x120.png\" data-srcset=\"https:\/\/www.fpmislata.com\/wordpress\/wp-content\/uploads\/AulaFuturo-1-300x120.png 300w, https:\/\/www.fpmislata.com\/wordpress\/wp-content\/uploads\/AulaFuturo-1.png 355w\"><\/a><\/div>\n","protected":false},"excerpt":{"rendered":"<p>Hoy hemos participado como ponentes en el curso del CEFIRE \u00abEspais i Aules STEM\u00bb.&nbsp; En esta ponencia hemos compartido nuestro proyecto Repensem els Espais con docentes que est\u00e1n realizando esa formaci\u00f3n.&nbsp; Les hemos narrado nuestras vivencias en la intervenci\u00f3n sobre los espacios del centro y la evoluci\u00f3n hacia metodolog\u00edas activas.De d\u00f3nde part\u00edamos, que hemos logrado&hellip;<\/p>\n","protected":false},"author":3,"featured_media":7273,"comment_status":"open","ping_status":"open","sticky":false,"template":"","format":"standard","meta":{"ngg_post_thumbnail":0},"categories":[2,17],"tags":[],"_links":{"self":[{"href":"https:\/\/www.fpmislata.com\/wordpress\/wp-json\/wp\/v2\/posts\/7271"}],"collection":[{"href":"https:\/\/www.fpmislata.com\/wordpress\/wp-json\/wp\/v2\/posts"}],"about":[{"href":"https:\/\/www.fpmislata.com\/wordpress\/wp-json\/wp\/v2\/types\/post"}],"author":[{"embeddable":true,"href":"https:\/\/www.fpmislata.com\/wordpress\/wp-json\/wp\/v2\/users\/3"}],"replies":[{"embeddable":true,"href":"https:\/\/www.fpmislata.com\/wordpress\/wp-json\/wp\/v2\/comments?post=7271"}],"version-history":[{"count":0,"href":"https:\/\/www.fpmislata.com\/wordpress\/wp-json\/wp\/v2\/posts\/7271\/revisions"}],"wp:featuredmedia":[{"embeddable":true,"href":"https:\/\/www.fpmislata.com\/wordpress\/wp-json\/wp\/v2\/media\/7273"}],"wp:attachment":[{"href":"https:\/\/www.fpmislata.com\/wordpress\/wp-json\/wp\/v2\/media?parent=7271"}],"wp:term":[{"taxonomy":"category","embeddable":true,"href":"https:\/\/www.fpmislata.com\/wordpress\/wp-json\/wp\/v2\/categories?post=7271"},{"taxonomy":"post_tag","embeddable":true,"href":"https:\/\/www.fpmislata.com\/wordpress\/wp-json\/wp\/v2\/tags?post=7271"}],"curies":[{"name":"wp","href":"https:\/\/api.w.org\/{rel}","templated":true}]}}