{"id":8021,"date":"2021-05-14T06:25:54","date_gmt":"2021-05-14T10:25:54","guid":{"rendered":"https:\/\/www.fpmislata.com\/wordpress\/?p=8021"},"modified":"2021-05-14T06:25:55","modified_gmt":"2021-05-14T10:25:55","slug":"puertas-abiertas-21-22-2","status":"publish","type":"post","link":"https:\/\/www.fpmislata.com\/wordpress\/puertas-abiertas-21-22-2\/","title":{"rendered":"Puertas Abiertas 21-22"},"content":{"rendered":"<p>&nbsp;<\/p>\n<p style=\"text-align: left;\">Celebramos nuestra <a href=\"https:\/\/www.fpmislata.com\/wordpress\/puertas-abiertas-2021-medio\/\" target=\"_blank\" rel=\"noopener noreferrer\">jornada de puertas abiertas para el curso 2021-2022<\/a> de forma ONLINE. Tendr\u00e1s accesible,&nbsp; <span style=\"color: #ff0000;\">v\u00eddeos informativos, cortos y \u00e1giles, para que puedas conocer mejor nuestra oferta formativa<\/span> de ciclos formativos de las familias de Inform\u00e1tica, Administraci\u00f3n, Comercio y Marketing,&nbsp; y Sanidad, as\u00ed como experiencias de exalumnos de alguos ciclos.<\/p>\n<div class=\"su-button-center\"><a href=\"https:\/\/www.fpmislata.com\/wordpress\/puertas-abiertas\/\" class=\"su-button su-button-style-stroked\" style=\"color:#090808;background-color:#2d97ef;border-color:#2479c0;border-radius:5px;-moz-border-radius:5px;-webkit-border-radius:5px\" target=\"_blank\" rel=\"noopener noreferrer\"><span style=\"color:#090808;padding:0px 16px;font-size:13px;line-height:26px;border-color:#6cb7f4;border-radius:5px;-moz-border-radius:5px;-webkit-border-radius:5px;text-shadow:none;-moz-text-shadow:none;-webkit-text-shadow:none\"> Acceso a v\u00eddeos<\/span><\/a><\/div>\n<p>&nbsp;<\/p>\n<p><b>CALIDAD PEDAG\u00d3GICA<\/b><\/p>\n<p>Este centro apuesta por ofrecer la m\u00e1xima calidad en sus actividades docentes, con el objetivo de dotar a los alumnos de recursos que les permitan acceder en buenas condiciones al mercado de trabajo y desenvolverse en \u00e9l adecuadamente. El centro est\u00e1 certificado por la <strong>ISO 9001\/2015<\/strong> que avala dicha calidad mediante auditor\u00eda anuales.<\/p>\n<p>&nbsp;<\/p>\n<p><b>OS RECORDAMOS NUESTRA <a href=\"https:\/\/www.fpmislata.com\/wordpress\/ciclos-formativos\/\" target=\"_blank\" rel=\"noopener noreferrer\">OFERTA FORMATIVA<\/a><\/b><\/p>\n<p>El centro dispone de tres modalidades de formaci\u00f3n:<\/p>\n<ul>\n<li><strong>presencial<\/strong>,<\/li>\n<li><strong>semipresencial<\/strong>&nbsp;<\/li>\n<li><strong>FP Dual<\/strong>, que combina pr\u00e1cticas en empresa con formaci\u00f3n presencial.<\/li>\n<\/ul>\n","protected":false},"excerpt":{"rendered":"<p>&nbsp; Celebramos nuestra jornada de puertas abiertas para el curso 2021-2022 de forma ONLINE. Tendr\u00e1s accesible,&nbsp; v\u00eddeos informativos, cortos y \u00e1giles, para que puedas conocer mejor nuestra oferta formativa de ciclos formativos de las familias de Inform\u00e1tica, Administraci\u00f3n, Comercio y Marketing,&nbsp; y Sanidad, as\u00ed como experiencias de exalumnos de alguos ciclos. &nbsp; CALIDAD PEDAG\u00d3GICA Este&hellip;<\/p>\n","protected":false},"author":3,"featured_media":7571,"comment_status":"open","ping_status":"open","sticky":false,"template":"","format":"standard","meta":{"ngg_post_thumbnail":0},"categories":[2,17],"tags":[86,59,87,85,88],"_links":{"self":[{"href":"https:\/\/www.fpmislata.com\/wordpress\/wp-json\/wp\/v2\/posts\/8021"}],"collection":[{"href":"https:\/\/www.fpmislata.com\/wordpress\/wp-json\/wp\/v2\/posts"}],"about":[{"href":"https:\/\/www.fpmislata.com\/wordpress\/wp-json\/wp\/v2\/types\/post"}],"author":[{"embeddable":true,"href":"https:\/\/www.fpmislata.com\/wordpress\/wp-json\/wp\/v2\/users\/3"}],"replies":[{"embeddable":true,"href":"https:\/\/www.fpmislata.com\/wordpress\/wp-json\/wp\/v2\/comments?post=8021"}],"version-history":[{"count":1,"href":"https:\/\/www.fpmislata.com\/wordpress\/wp-json\/wp\/v2\/posts\/8021\/revisions"}],"predecessor-version":[{"id":8023,"href":"https:\/\/www.fpmislata.com\/wordpress\/wp-json\/wp\/v2\/posts\/8021\/revisions\/8023"}],"wp:featuredmedia":[{"embeddable":true,"href":"https:\/\/www.fpmislata.com\/wordpress\/wp-json\/wp\/v2\/media\/7571"}],"wp:attachment":[{"href":"https:\/\/www.fpmislata.com\/wordpress\/wp-json\/wp\/v2\/media?parent=8021"}],"wp:term":[{"taxonomy":"category","embeddable":true,"href":"https:\/\/www.fpmislata.com\/wordpress\/wp-json\/wp\/v2\/categories?post=8021"},{"taxonomy":"post_tag","embeddable":true,"href":"https:\/\/www.fpmislata.com\/wordpress\/wp-json\/wp\/v2\/tags?post=8021"}],"curies":[{"name":"wp","href":"https:\/\/api.w.org\/{rel}","templated":true}]}}