{"id":8365,"date":"2021-06-25T05:01:41","date_gmt":"2021-06-25T09:01:41","guid":{"rendered":"https:\/\/www.fpmislata.com\/wordpress\/?p=8365"},"modified":"2021-09-03T04:40:51","modified_gmt":"2021-09-03T08:40:51","slug":"centro-de-excelencia","status":"publish","type":"post","link":"https:\/\/www.fpmislata.com\/wordpress\/centro-de-excelencia\/","title":{"rendered":"Centro de Excelencia"},"content":{"rendered":"<p style=\"text-align: center;\"><b>SOMOS CENTRO DE EXCELENCIA EN FORMACI\u00d3N PROFESIONAL<\/b><\/p>\n<p>&nbsp;<\/p>\n<p><span style=\"font-weight: 400;\">El CIPFP Mislata ha sido seleccionado para formar parte de la <\/span><b>Red de Institutos de Excelencia de Formaci\u00f3n Profesional de la Comunitat Valenciana<\/b><span style=\"font-weight: 400;\">, en concreto de la familia de <\/span><i><span style=\"font-weight: 400;\">Inform\u00e1tica y Comunicaciones<\/span><\/i><span style=\"font-weight: 400;\">.<\/span><\/p>\n<p>&nbsp;<\/p>\n<p><span style=\"font-weight: 400;\">Se trata de una nueva iniciativa de la Conselleria de Educaci\u00f3n en la que participan los <\/span><b>30 mejores centros<\/b><span style=\"font-weight: 400;\"> que imparten ciclos formativos, configurando as\u00ed la Red de Institutos de Excelencia de Formaci\u00f3n Profesional.<\/span><\/p>\n<p>&nbsp;<\/p>\n<p><span style=\"font-weight: 400;\">Ser centro de Excelencia implica <\/span><b>realizar actuaciones innovadoras, investigadoras y experimentales<\/b><span style=\"font-weight: 400;\">, que conviertan al CIPFP Mislata en centro de referencia para otros institutos que imparten Inform\u00e1tica y Comunicaciones en la Comunitat Valenciana.<\/span><\/p>\n<p>&nbsp;<\/p>\n<p><span style=\"font-weight: 400;\">Para incluirnos en la Red de Excelencia se ha tenido en cuenta la trayectoria profesional y educativa y la calidad de nuestro centro y del profesorado.&nbsp;&nbsp;<\/span><\/p>\n<p>&nbsp;<\/p>\n<p><span style=\"font-weight: 400;\">Iniciamos una nueva etapa cargada de retos, en la que va a estar implicada toda la comunidad educativa. <\/span><\/p>\n","protected":false},"excerpt":{"rendered":"<p>SOMOS CENTRO DE EXCELENCIA EN FORMACI\u00d3N PROFESIONAL &nbsp; El CIPFP Mislata ha sido seleccionado para formar parte de la Red de Institutos de Excelencia de Formaci\u00f3n Profesional de la Comunitat Valenciana, en concreto de la familia de Inform\u00e1tica y Comunicaciones. &nbsp; Se trata de una nueva iniciativa de la Conselleria de Educaci\u00f3n en la que&hellip;<\/p>\n","protected":false},"author":3,"featured_media":8385,"comment_status":"open","ping_status":"open","sticky":false,"template":"","format":"standard","meta":{"ngg_post_thumbnail":0},"categories":[2,17],"tags":[],"_links":{"self":[{"href":"https:\/\/www.fpmislata.com\/wordpress\/wp-json\/wp\/v2\/posts\/8365"}],"collection":[{"href":"https:\/\/www.fpmislata.com\/wordpress\/wp-json\/wp\/v2\/posts"}],"about":[{"href":"https:\/\/www.fpmislata.com\/wordpress\/wp-json\/wp\/v2\/types\/post"}],"author":[{"embeddable":true,"href":"https:\/\/www.fpmislata.com\/wordpress\/wp-json\/wp\/v2\/users\/3"}],"replies":[{"embeddable":true,"href":"https:\/\/www.fpmislata.com\/wordpress\/wp-json\/wp\/v2\/comments?post=8365"}],"version-history":[{"count":1,"href":"https:\/\/www.fpmislata.com\/wordpress\/wp-json\/wp\/v2\/posts\/8365\/revisions"}],"predecessor-version":[{"id":8367,"href":"https:\/\/www.fpmislata.com\/wordpress\/wp-json\/wp\/v2\/posts\/8365\/revisions\/8367"}],"wp:featuredmedia":[{"embeddable":true,"href":"https:\/\/www.fpmislata.com\/wordpress\/wp-json\/wp\/v2\/media\/8385"}],"wp:attachment":[{"href":"https:\/\/www.fpmislata.com\/wordpress\/wp-json\/wp\/v2\/media?parent=8365"}],"wp:term":[{"taxonomy":"category","embeddable":true,"href":"https:\/\/www.fpmislata.com\/wordpress\/wp-json\/wp\/v2\/categories?post=8365"},{"taxonomy":"post_tag","embeddable":true,"href":"https:\/\/www.fpmislata.com\/wordpress\/wp-json\/wp\/v2\/tags?post=8365"}],"curies":[{"name":"wp","href":"https:\/\/api.w.org\/{rel}","templated":true}]}}