{"id":9205,"date":"2021-11-26T07:13:54","date_gmt":"2021-11-26T11:13:54","guid":{"rendered":"https:\/\/www.fpmislata.com\/wordpress\/?p=9205"},"modified":"2021-11-26T07:13:54","modified_gmt":"2021-11-26T11:13:54","slug":"misiones-comerciales-2o-ci","status":"publish","type":"post","link":"https:\/\/www.fpmislata.com\/wordpress\/misiones-comerciales-2o-ci\/","title":{"rendered":"\u00abMisiones comerciales\u00bb 2\u00ba CI"},"content":{"rendered":"<div><img loading=\"lazy\" class=\"CToWUd a6T aligncenter lazyload\" tabindex=\"0\" src=\"data:image\/gif;base64,R0lGODlhAQABAAAAACH5BAEKAAEALAAAAAABAAEAAAICTAEAOw==\" alt=\"DSC_2712.JPG\" width=\"542\" height=\"407\" data-image-whitelisted=\"\" data-src=\"https:\/\/mail.google.com\/mail\/u\/1?ui=2&amp;ik=3c85eebb76&amp;attid=0.1&amp;permmsgid=msg-f:1717487659096701546&amp;th=17d5bded22937a6a&amp;view=fimg&amp;fur=ip&amp;sz=s0-l75-ft&amp;attbid=ANGjdJ_GlEVhV0XYov_S6Juzo8_obdBD_weXlseOjtOVn4xFp_M6VAAZM1JyE8e8dpPDZHX9JkIPQyF7iucJgPwpir40cH_g4DZ8y-qhun2slfcBmkwNVSymBLIuhOM&amp;disp=emb&amp;realattid=ii_kwg9exl12\"><\/div>\n<div>El grupo de <strong>2\u00ba de Comercio Internacional<\/strong> arranca su segundo proyecto dentro del marco metodol\u00f3gico de ABP: \u00ab<em>Misi\u00f3n Comercial: del aula al mundo<\/em>\u00ab.<\/div>\n<div>&nbsp;<\/div>\n<div>Cada equipo de trabajo ha creado una asesor\u00eda empresarial especializada en el apoyo a PYMES y emprendedores que quieren crecer en mercados internacionales pero no saben c\u00f3mo hacerlo. Nuestros equipos asesoran en aspectos como digitalizaci\u00f3n, elecci\u00f3n del medio de pago o cobro m\u00e1s adecuado, planificaci\u00f3n de transporte y log\u00edstica y estrategia de comercializaci\u00f3n en mercados extranjeros, nuestras \u00abMisiones Comerciales\u00bb.<\/div>\n<div>Como primer paso dentro de un proyecto de este tipo, cada equipo debe conocer y empatizar con sus clientes, para entender bien las necesidades que estos tienen.&nbsp;<\/div>\n<div>&nbsp;<\/div>\n<div><img loading=\"lazy\" class=\"CToWUd a6T aligncenter lazyload\" tabindex=\"0\" src=\"data:image\/gif;base64,R0lGODlhAQABAAAAACH5BAEKAAEALAAAAAABAAEAAAICTAEAOw==\" alt=\"DSC_2709.JPG\" width=\"542\" height=\"407\" data-image-whitelisted=\"\" data-src=\"https:\/\/mail.google.com\/mail\/u\/1?ui=2&amp;ik=3c85eebb76&amp;attid=0.3&amp;permmsgid=msg-f:1717487659096701546&amp;th=17d5bded22937a6a&amp;view=fimg&amp;fur=ip&amp;sz=s0-l75-ft&amp;attbid=ANGjdJ890d1Gbz8e2rZ6upMV0ou-m2sipEyrRUfdZ7frqjv9p6fo3Rzi3OEs961yil1d_x1ojxSQFQyFBR8tcJIEkEKimZ0pWzTcezBrgZq9LxMf_5mRignfnBaFjuw&amp;disp=emb&amp;realattid=ii_kwg9kf394\"><\/div>\n<div>&nbsp;<\/div>\n<div>El 25 de noviembre han visitado a un potencial cliente, <strong>Cooperativa de Viver,<\/strong> colaborador en este proyecto. Fernando Marco, su director, les ha contado de primera mano la historia de la cooperativa, sus valores y rasgos que hay detr\u00e1s de cada uno de sus productos y servicios.&nbsp;<\/div>\n<div>&nbsp;<\/div>\n<div><img loading=\"lazy\" class=\"CToWUd a6T aligncenter lazyload\" tabindex=\"0\" src=\"data:image\/gif;base64,R0lGODlhAQABAAAAACH5BAEKAAEALAAAAAABAAEAAAICTAEAOw==\" alt=\"DSC_2714.JPG\" width=\"542\" height=\"407\" data-image-whitelisted=\"\" data-src=\"https:\/\/mail.google.com\/mail\/u\/1?ui=2&amp;ik=3c85eebb76&amp;attid=0.2&amp;permmsgid=msg-f:1717487659096701546&amp;th=17d5bded22937a6a&amp;view=fimg&amp;fur=ip&amp;sz=s0-l75-ft&amp;attbid=ANGjdJ-nKPHCzuW7c4o49dE1jQ5sYeFEr52eP_GiwbE01g6NbWvmeYFQKLXnKzpdTRzNf9PrgCLZjc9WSb_sPe1kATRDtffc2CXFziFrl2kIEsDf6FrXlbGgYNuohXo&amp;disp=emb&amp;realattid=ii_kwg9fjpk3\"><\/div>\n<div>&nbsp;<\/div>\n<div>Es una suerte contar con organizaciones colaboradoras que facilitan a los estudiantes una informaci\u00f3n real y actualizada del&nbsp;entorno productivo. Ahora est\u00e1 en manos de nuestros especialistas realizar propuestas de \u00abMisi\u00f3n Comercial\u00bb &nbsp; a nuestro colaborador, Cooperativa de Viver. Tienen un mes para resolver este desaf\u00edo. \u00a1Os informaremos de los resultados!<\/div>\n","protected":false},"excerpt":{"rendered":"<p>El grupo de 2\u00ba de Comercio Internacional arranca su segundo proyecto dentro del marco metodol\u00f3gico de ABP: \u00abMisi\u00f3n Comercial: del aula al mundo\u00ab. &nbsp; Cada equipo de trabajo ha creado una asesor\u00eda empresarial especializada en el apoyo a PYMES y emprendedores que quieren crecer en mercados internacionales pero no saben c\u00f3mo hacerlo. Nuestros equipos asesoran&hellip;<\/p>\n","protected":false},"author":3,"featured_media":9206,"comment_status":"open","ping_status":"open","sticky":false,"template":"","format":"standard","meta":{"ngg_post_thumbnail":0},"categories":[2,17],"tags":[],"_links":{"self":[{"href":"https:\/\/www.fpmislata.com\/wordpress\/wp-json\/wp\/v2\/posts\/9205"}],"collection":[{"href":"https:\/\/www.fpmislata.com\/wordpress\/wp-json\/wp\/v2\/posts"}],"about":[{"href":"https:\/\/www.fpmislata.com\/wordpress\/wp-json\/wp\/v2\/types\/post"}],"author":[{"embeddable":true,"href":"https:\/\/www.fpmislata.com\/wordpress\/wp-json\/wp\/v2\/users\/3"}],"replies":[{"embeddable":true,"href":"https:\/\/www.fpmislata.com\/wordpress\/wp-json\/wp\/v2\/comments?post=9205"}],"version-history":[{"count":1,"href":"https:\/\/www.fpmislata.com\/wordpress\/wp-json\/wp\/v2\/posts\/9205\/revisions"}],"predecessor-version":[{"id":9207,"href":"https:\/\/www.fpmislata.com\/wordpress\/wp-json\/wp\/v2\/posts\/9205\/revisions\/9207"}],"wp:featuredmedia":[{"embeddable":true,"href":"https:\/\/www.fpmislata.com\/wordpress\/wp-json\/wp\/v2\/media\/9206"}],"wp:attachment":[{"href":"https:\/\/www.fpmislata.com\/wordpress\/wp-json\/wp\/v2\/media?parent=9205"}],"wp:term":[{"taxonomy":"category","embeddable":true,"href":"https:\/\/www.fpmislata.com\/wordpress\/wp-json\/wp\/v2\/categories?post=9205"},{"taxonomy":"post_tag","embeddable":true,"href":"https:\/\/www.fpmislata.com\/wordpress\/wp-json\/wp\/v2\/tags?post=9205"}],"curies":[{"name":"wp","href":"https:\/\/api.w.org\/{rel}","templated":true}]}}