{"id":9513,"date":"2022-03-08T02:00:00","date_gmt":"2022-03-08T06:00:00","guid":{"rendered":"https:\/\/www.fpmislata.com\/wordpress\/?p=9513"},"modified":"2022-03-09T04:09:20","modified_gmt":"2022-03-09T08:09:20","slug":"8m-feminisme-per-a-totes","status":"publish","type":"post","link":"https:\/\/www.fpmislata.com\/wordpress\/8m-feminisme-per-a-totes\/","title":{"rendered":"8M Feminisme per a totes"},"content":{"rendered":"<p><a href=\"https:\/\/www.valencia.es\/8m2022\/\" target=\"_blank\" rel=\"noopener\"><br>\n\t\t\t\t\t\t\t<img width=\"566\" height=\"800\" src=\"data:image\/gif;base64,R0lGODlhAQABAAAAACH5BAEKAAEALAAAAAABAAEAAAICTAEAOw==\" alt=\"\" loading=\"lazy\" sizes=\"(max-width: 566px) 100vw, 566px\" class=\"lazyload\" data-src=\"https:\/\/www.fpmislata.com\/wordpress\/wp-content\/uploads\/Feminisme-566x800.png\" data-srcset=\"https:\/\/www.fpmislata.com\/wordpress\/wp-content\/uploads\/Feminisme-566x800.png 566w, https:\/\/www.fpmislata.com\/wordpress\/wp-content\/uploads\/Feminisme-212x300.png 212w, https:\/\/www.fpmislata.com\/wordpress\/wp-content\/uploads\/Feminisme-768x1086.png 768w, https:\/\/www.fpmislata.com\/wordpress\/wp-content\/uploads\/Feminisme-1086x1536.png 1086w, https:\/\/www.fpmislata.com\/wordpress\/wp-content\/uploads\/Feminisme.png 1358w\">\t\t\t\t\t\t\t\t<\/a><\/p>\n<p>Porque es necesario <strong>continuar trabajando para conseguir la igualdad real entre personas<\/strong> y <strong>eliminar cualquier tipo de discriminaci\u00f3n por cuesti\u00f3n de g\u00e9nero<\/strong>, esta semana en el CIPFP&nbsp; de Mislata se est\u00e1 trabajando con&nbsp; material did\u00e1ctico cedido por la Casa de la Dona de Mislata y&nbsp; la Conselleria de Educaci\u00f3n, que ayudar\u00e1 a nuestros estudiantes a promover la igualdad de g\u00e9nero y la diversidad.<\/p>\n<p>Por la lucha incansable que han tenido las mujeres por sus derechos laborales y sociales, en favor de una sociedad equitativa y justa.<\/p>\n<p>8 de marzo dia Internacional de las Mujeres<\/p>\n<p>#8M2022<\/p>\n<p>#girlpower<\/p>\n<p>#mujeresempoderadas<\/p>\n<p>#mujerescontodoslosderechos<\/p>\n<p>Perqu\u00e8 \u00e9s necessari <strong>continuar treballant per a aconseguir la igualtat real entre persones<\/strong> i <strong>eliminar qualsevol tipus de discriminaci\u00f3 per q\u00fcesti\u00f3 de g\u00e8nere<\/strong>, aquesta setmana en el CIPFP de Mislata s\u2019est\u00e0 treballant material did\u00e0ctic cedit per la Casa de la Dona de Mislata i la Conselleria d&#8217;Educaci\u00f3, que ajudar\u00e0 els nostres estudiants a promoure la igualtat de g\u00e8nere i la diversitat.<\/p>\n<p>Per la lluita incansable que han tingut les dones pels seus drets laborals i socials, en favor d&#8217;una societat equitativa i justa.<\/p>\n<p>8 de mar\u00e7 dia Internacional de les Dones<\/p>\n<p>#8M2022<\/p>\n<p>#girlpower<\/p>\n<p>#donesempoderades<\/p>\n<p>#donesambtotselsdrets<\/p>\n<p>\t\t\t\t\t\t\t\t\t\t\t\t<img width=\"640\" height=\"695\" src=\"data:image\/gif;base64,R0lGODlhAQABAAAAACH5BAEKAAEALAAAAAABAAEAAAICTAEAOw==\" alt=\"\" loading=\"lazy\" sizes=\"(max-width: 640px) 100vw, 640px\" class=\"lazyload\" data-src=\"https:\/\/www.fpmislata.com\/wordpress\/wp-content\/uploads\/Unidas-737x800.png\" data-srcset=\"https:\/\/www.fpmislata.com\/wordpress\/wp-content\/uploads\/Unidas-737x800.png 737w, https:\/\/www.fpmislata.com\/wordpress\/wp-content\/uploads\/Unidas-276x300.png 276w, https:\/\/www.fpmislata.com\/wordpress\/wp-content\/uploads\/Unidas-768x834.png 768w, https:\/\/www.fpmislata.com\/wordpress\/wp-content\/uploads\/Unidas.png 1080w\"><\/p>\n\n\n<pre class=\"wp-block-code\"><code><\/code><\/pre>\n","protected":false},"excerpt":{"rendered":"<p>Porque es necesario continuar trabajando para conseguir la igualdad real entre personas y eliminar cualquier tipo de discriminaci\u00f3n por cuesti\u00f3n de g\u00e9nero, esta semana en el CIPFP&nbsp; de Mislata se est\u00e1 trabajando con&nbsp; material did\u00e1ctico cedido por la Casa de la Dona de Mislata y&nbsp; la Conselleria de Educaci\u00f3n, que ayudar\u00e1 a nuestros estudiantes a&hellip;<\/p>\n","protected":false},"author":3,"featured_media":9514,"comment_status":"open","ping_status":"open","sticky":false,"template":"","format":"standard","meta":{"ngg_post_thumbnail":0},"categories":[2,17,1],"tags":[112,113,115,114],"_links":{"self":[{"href":"https:\/\/www.fpmislata.com\/wordpress\/wp-json\/wp\/v2\/posts\/9513"}],"collection":[{"href":"https:\/\/www.fpmislata.com\/wordpress\/wp-json\/wp\/v2\/posts"}],"about":[{"href":"https:\/\/www.fpmislata.com\/wordpress\/wp-json\/wp\/v2\/types\/post"}],"author":[{"embeddable":true,"href":"https:\/\/www.fpmislata.com\/wordpress\/wp-json\/wp\/v2\/users\/3"}],"replies":[{"embeddable":true,"href":"https:\/\/www.fpmislata.com\/wordpress\/wp-json\/wp\/v2\/comments?post=9513"}],"version-history":[{"count":22,"href":"https:\/\/www.fpmislata.com\/wordpress\/wp-json\/wp\/v2\/posts\/9513\/revisions"}],"predecessor-version":[{"id":9550,"href":"https:\/\/www.fpmislata.com\/wordpress\/wp-json\/wp\/v2\/posts\/9513\/revisions\/9550"}],"wp:featuredmedia":[{"embeddable":true,"href":"https:\/\/www.fpmislata.com\/wordpress\/wp-json\/wp\/v2\/media\/9514"}],"wp:attachment":[{"href":"https:\/\/www.fpmislata.com\/wordpress\/wp-json\/wp\/v2\/media?parent=9513"}],"wp:term":[{"taxonomy":"category","embeddable":true,"href":"https:\/\/www.fpmislata.com\/wordpress\/wp-json\/wp\/v2\/categories?post=9513"},{"taxonomy":"post_tag","embeddable":true,"href":"https:\/\/www.fpmislata.com\/wordpress\/wp-json\/wp\/v2\/tags?post=9513"}],"curies":[{"name":"wp","href":"https:\/\/api.w.org\/{rel}","templated":true}]}}