{"id":9590,"date":"2022-04-28T06:56:06","date_gmt":"2022-04-28T10:56:06","guid":{"rendered":"https:\/\/www.fpmislata.com\/wordpress\/?p=9590"},"modified":"2022-05-11T10:01:28","modified_gmt":"2022-05-11T14:01:28","slug":"vi-concurso-fem-futur","status":"publish","type":"post","link":"https:\/\/www.fpmislata.com\/wordpress\/vi-concurso-fem-futur\/","title":{"rendered":"Entrega del Primer premio del VI concurso FEM FUTUR"},"content":{"rendered":"<p>Nuestro centro ha&nbsp; participado en la <a href=\"https:\/\/valencia.secot.org\/fem-futur-fp-vi-edicion-2021-2022\/\" target=\"_blank\" rel=\"noopener\">VI edici\u00f3n de Premios Fem-Futur<\/a> al mejor proyecto emprendedor de Formaci\u00f3n Profesional. Estos premios est\u00e1n organizados por la asociaci\u00f3n <strong>SECOT<\/strong>&nbsp;(Seniors Espa\u00f1oles para la Cooperaci\u00f3n T\u00e9cnica)&nbsp; y&nbsp; <strong>Caixa Popular<\/strong>. Su objetivo es ayudar a formentar el emprendimiento con la creaci\u00f3n de empresas, y est\u00e1 dirigido a alumnado de 2\u00ba curso de Ciclos Formativos Grado Superior.<\/p>\n<table style=\"height: 110px; width: 100%; border-collapse: collapse;\" border=\"0\">\n<tbody>\n<tr style=\"height: 110px;\">\n<td style=\"width: 50%; height: 110px;\"><img loading=\"lazy\" class=\"alignnone wp-image-6230 \" src=\"https:\/\/www.fpmislata.com\/wordpress\/wp-content\/uploads\/logo-secot-1-300x85.png\" alt=\"\" width=\"289\" height=\"82\" srcset=\"https:\/\/www.fpmislata.com\/wordpress\/wp-content\/uploads\/logo-secot-1-300x85.png 300w, https:\/\/www.fpmislata.com\/wordpress\/wp-content\/uploads\/logo-secot-1.png 506w\" sizes=\"(max-width: 289px) 100vw, 289px\" \/><\/td>\n<td style=\"width: 50%; height: 110px;\"><img loading=\"lazy\" class=\"alignnone wp-image-6229 \" src=\"https:\/\/www.fpmislata.com\/wordpress\/wp-content\/uploads\/caixapopular-300x128.png\" alt=\"\" width=\"239\" height=\"102\" srcset=\"https:\/\/www.fpmislata.com\/wordpress\/wp-content\/uploads\/caixapopular-300x128.png 300w, https:\/\/www.fpmislata.com\/wordpress\/wp-content\/uploads\/caixapopular-340x147.png 340w, https:\/\/www.fpmislata.com\/wordpress\/wp-content\/uploads\/caixapopular.png 344w\" sizes=\"(max-width: 239px) 100vw, 239px\" \/><\/td>\n<\/tr>\n<\/tbody>\n<\/table>\n<p>En esta edici\u00f3n ha ganado el <span style=\"color: #ff0000;\"><strong>1er premio<\/strong> <\/span>el proyecto <em>\u00abAlbergue Rural Volem\u00bb<\/em>, un proyecto en el que se busca fomentar un turismo sostenible e inclusivo. La galardonada ha sido la alumna&nbsp; <strong>Ana Mar\u00eda Soler Machirant<\/strong> del grupo 2\u00ba GATS semipresencial de nuestro centro.<\/p>\n<p>Enhorabuena a tod@s l@s participantes y sobre todo a los premiados.<\/p>\n<p>Aqu\u00ed pod\u00e9is conocer sus impresiones.<\/p>\n<p><a href=\"https:\/\/www.fpmislata.com\/wordpress\/wp-content\/uploads\/Foto-Ana-Maria-Machirant.jpg\"><img loading=\"lazy\" class=\"aligncenter size-medium wp-image-9593 lazyload\" src=\"data:image\/gif;base64,R0lGODlhAQABAAAAACH5BAEKAAEALAAAAAABAAEAAAICTAEAOw==\" alt=\"\" width=\"300\" height=\"183\" sizes=\"(max-width: 300px) 100vw, 300px\" data-src=\"https:\/\/www.fpmislata.com\/wordpress\/wp-content\/uploads\/Foto-Ana-Maria-Machirant-300x183.jpg\" data-srcset=\"https:\/\/www.fpmislata.com\/wordpress\/wp-content\/uploads\/Foto-Ana-Maria-Machirant-300x183.jpg 300w, https:\/\/www.fpmislata.com\/wordpress\/wp-content\/uploads\/Foto-Ana-Maria-Machirant-800x488.jpg 800w, https:\/\/www.fpmislata.com\/wordpress\/wp-content\/uploads\/Foto-Ana-Maria-Machirant-768x469.jpg 768w, https:\/\/www.fpmislata.com\/wordpress\/wp-content\/uploads\/Foto-Ana-Maria-Machirant.jpg 996w\"><\/a><\/p>\n<blockquote>\n<p><em>Moltes gr\u00e0cies!<\/em><br><em>Muchas gracias por este reconocimiento. Estoy muy contenta de que se haya valorado el Albergue Rural Volem, un proyecto en el que queremos aportar nuestro granito de arena en fomentar un turismo sostenible e inclusivo.<\/em><\/p>\n<p><em>Quiero agradecer al CIPFP Mislata por el conocimiento adquirido y a Elena Pardo por su asesoramiento. Tambi\u00e9n a mi tutor de Secot Francisco Pelegri por la ayuda durante este proceso.<\/em><\/p>\n<p><em>Fem Futur es una gran iniciativa que promueve el emprendimiento y las ganas de realizar nuestros sue\u00f1os.<\/em><br><em>Recomiendo a la gente que participe en futuras ediciones.<\/em><\/p>\n<\/blockquote>\n\n\n<p>El martes 3 de mayo, tuvo lugar en nuestro centro la entrega del primer premio dotado con 1250 euros.&nbsp; Recogi\u00f3 el premio el hermano de la ganadora, El\u00edes.<\/p>\n<p><a href=\"https:\/\/www.fpmislata.com\/wordpress\/wp-content\/uploads\/VOLEM-VALENCIA-2-scaled.jpg\"><img loading=\"lazy\" class=\"size-medium wp-image-9846 alignleft lazyload\" src=\"data:image\/gif;base64,R0lGODlhAQABAAAAACH5BAEKAAEALAAAAAABAAEAAAICTAEAOw==\" alt=\"\" width=\"300\" height=\"200\" sizes=\"(max-width: 300px) 100vw, 300px\" data-src=\"https:\/\/www.fpmislata.com\/wordpress\/wp-content\/uploads\/VOLEM-VALENCIA-2-300x200.jpg\" data-srcset=\"https:\/\/www.fpmislata.com\/wordpress\/wp-content\/uploads\/VOLEM-VALENCIA-2-300x200.jpg 300w, https:\/\/www.fpmislata.com\/wordpress\/wp-content\/uploads\/VOLEM-VALENCIA-2-800x534.jpg 800w, https:\/\/www.fpmislata.com\/wordpress\/wp-content\/uploads\/VOLEM-VALENCIA-2-768x513.jpg 768w, https:\/\/www.fpmislata.com\/wordpress\/wp-content\/uploads\/VOLEM-VALENCIA-2-1536x1025.jpg 1536w, https:\/\/www.fpmislata.com\/wordpress\/wp-content\/uploads\/VOLEM-VALENCIA-2-2048x1367.jpg 2048w\"><\/a> <a href=\"https:\/\/www.fpmislata.com\/wordpress\/wp-content\/uploads\/VOLEM-VALENCIA-1.jpg\"><img loading=\"lazy\" class=\"size-medium wp-image-9847 alignleft lazyload\" src=\"data:image\/gif;base64,R0lGODlhAQABAAAAACH5BAEKAAEALAAAAAABAAEAAAICTAEAOw==\" alt=\"\" width=\"300\" height=\"300\" sizes=\"(max-width: 300px) 100vw, 300px\" data-src=\"https:\/\/www.fpmislata.com\/wordpress\/wp-content\/uploads\/VOLEM-VALENCIA-1-300x300.jpg\" data-srcset=\"https:\/\/www.fpmislata.com\/wordpress\/wp-content\/uploads\/VOLEM-VALENCIA-1-300x300.jpg 300w, https:\/\/www.fpmislata.com\/wordpress\/wp-content\/uploads\/VOLEM-VALENCIA-1-800x800.jpg 800w, https:\/\/www.fpmislata.com\/wordpress\/wp-content\/uploads\/VOLEM-VALENCIA-1-150x150.jpg 150w, https:\/\/www.fpmislata.com\/wordpress\/wp-content\/uploads\/VOLEM-VALENCIA-1-768x768.jpg 768w, https:\/\/www.fpmislata.com\/wordpress\/wp-content\/uploads\/VOLEM-VALENCIA-1-1536x1536.jpg 1536w, https:\/\/www.fpmislata.com\/wordpress\/wp-content\/uploads\/VOLEM-VALENCIA-1-2048x2048.jpg 2048w\"><\/a><\/p>\n\n\n\n<p><\/p>\n\n\n\n<div style=\"height:100px\" aria-hidden=\"true\" class=\"wp-block-spacer\"><\/div>\n\n\n\n<p class=\"has-text-align-center\"><strong>.<\/strong><\/p>\n","protected":false},"excerpt":{"rendered":"<p>Nuestro centro ha&nbsp; participado en la VI edici\u00f3n de Premios Fem-Futur al mejor proyecto emprendedor de Formaci\u00f3n Profesional. Estos premios est\u00e1n organizados por la asociaci\u00f3n SECOT&nbsp;(Seniors Espa\u00f1oles para la Cooperaci\u00f3n T\u00e9cnica)&nbsp; y&nbsp; Caixa Popular. Su objetivo es ayudar a formentar el emprendimiento con la creaci\u00f3n de empresas, y est\u00e1 dirigido a alumnado de 2\u00ba curso&hellip;<\/p>\n","protected":false},"author":3,"featured_media":9846,"comment_status":"open","ping_status":"open","sticky":false,"template":"","format":"standard","meta":{"ngg_post_thumbnail":0},"categories":[2,17],"tags":[116,117,59,61],"_links":{"self":[{"href":"https:\/\/www.fpmislata.com\/wordpress\/wp-json\/wp\/v2\/posts\/9590"}],"collection":[{"href":"https:\/\/www.fpmislata.com\/wordpress\/wp-json\/wp\/v2\/posts"}],"about":[{"href":"https:\/\/www.fpmislata.com\/wordpress\/wp-json\/wp\/v2\/types\/post"}],"author":[{"embeddable":true,"href":"https:\/\/www.fpmislata.com\/wordpress\/wp-json\/wp\/v2\/users\/3"}],"replies":[{"embeddable":true,"href":"https:\/\/www.fpmislata.com\/wordpress\/wp-json\/wp\/v2\/comments?post=9590"}],"version-history":[{"count":8,"href":"https:\/\/www.fpmislata.com\/wordpress\/wp-json\/wp\/v2\/posts\/9590\/revisions"}],"predecessor-version":[{"id":9849,"href":"https:\/\/www.fpmislata.com\/wordpress\/wp-json\/wp\/v2\/posts\/9590\/revisions\/9849"}],"wp:featuredmedia":[{"embeddable":true,"href":"https:\/\/www.fpmislata.com\/wordpress\/wp-json\/wp\/v2\/media\/9846"}],"wp:attachment":[{"href":"https:\/\/www.fpmislata.com\/wordpress\/wp-json\/wp\/v2\/media?parent=9590"}],"wp:term":[{"taxonomy":"category","embeddable":true,"href":"https:\/\/www.fpmislata.com\/wordpress\/wp-json\/wp\/v2\/categories?post=9590"},{"taxonomy":"post_tag","embeddable":true,"href":"https:\/\/www.fpmislata.com\/wordpress\/wp-json\/wp\/v2\/tags?post=9590"}],"curies":[{"name":"wp","href":"https:\/\/api.w.org\/{rel}","templated":true}]}}