{"id":9982,"date":"2022-05-11T09:59:29","date_gmt":"2022-05-11T13:59:29","guid":{"rendered":"https:\/\/www.fpmislata.com\/wordpress\/?p=9982"},"modified":"2022-05-11T10:00:00","modified_gmt":"2022-05-11T14:00:00","slug":"reunion-presencial-proyecto-mec-banco-de-proyectos","status":"publish","type":"post","link":"https:\/\/www.fpmislata.com\/wordpress\/reunion-presencial-proyecto-mec-banco-de-proyectos\/","title":{"rendered":"Reuni\u00f3n presencial Proyecto MEC banco de proyectos"},"content":{"rendered":"<p>El pasado jueves 28 de abril de 2022 tuvo luegar en el centro Escola del Treball de Barcelona, la primera jornada presencial del Proyecto de Innovaci\u00f3n del MEYFP (2021): <strong><em>CREACI\u00d3N DE UN BANCO DE PROYECTOS ABP Y DEM\u00c1S METODOLOG\u00cdAS ACTIVAS DE APRENDIZAJE PARA LA FORMACI\u00d3N PROFESIONAL (BPABP<\/em>)<\/strong>, cofinanciado por la Uni\u00f3n Europea.<\/p>\n<p>&nbsp;<\/p>\n<p>Es un PROYECTO DE INNOVACI\u00d3N E INVESTIGACI\u00d3N APLICADAS Y TRANSFERENCIA DEL CONOCIMIENTO EN LA FORMACI\u00d3N PROFESIONAL, CONVOCATORIA 2021, EN EL MARCO DEL COMPONENTE 20 \u201cPLAN ESTRAT\u00c9GICO DE IMPULSO DE LA FORMACI\u00d3N PROFESIONAL DEL MECANISMO DE RECUPERACI\u00d3N Y RESILIENCIA.<\/p>\n<p><a href=\"https:\/\/www.fpmislata.com\/wordpress\/wp-content\/uploads\/Reunion1.png\"><img loading=\"lazy\" class=\"aligncenter size-medium wp-image-9987 lazyload\" src=\"data:image\/gif;base64,R0lGODlhAQABAAAAACH5BAEKAAEALAAAAAABAAEAAAICTAEAOw==\" alt=\"\" width=\"300\" height=\"116\" sizes=\"(max-width: 300px) 100vw, 300px\" data-src=\"https:\/\/www.fpmislata.com\/wordpress\/wp-content\/uploads\/Reunion1-300x116.png\" data-srcset=\"https:\/\/www.fpmislata.com\/wordpress\/wp-content\/uploads\/Reunion1-300x116.png 300w, https:\/\/www.fpmislata.com\/wordpress\/wp-content\/uploads\/Reunion1.png 567w\"><\/a><\/p>\n<p>El objetivo del proyecto es la generaci\u00f3n de material did\u00e1ctico modular y transferible para desarrollar la formaci\u00f3n por proyectos en la FP, educaci\u00f3n STEAM, con equidad de g\u00e9nero, sostenible y emprendedora, para dar apoyo a los ciclos formativos.<\/p>\n<p>&nbsp;<\/p>\n<p>Centros participantes:<\/p>\n<table style=\"border-collapse: collapse; width: 100%; height: 161px;\">\n<tbody>\n<tr style=\"height: 79px;\">\n<td style=\"width: 50%; height: 79px;\"><a href=\"https:\/\/www.fpmislata.com\/wordpress\/wp-content\/uploads\/Pimec.png\"><img loading=\"lazy\" class=\"aligncenter size-medium wp-image-9989 lazyload\" src=\"data:image\/gif;base64,R0lGODlhAQABAAAAACH5BAEKAAEALAAAAAABAAEAAAICTAEAOw==\" alt=\"\" width=\"102\" height=\"44\" data-src=\"https:\/\/www.fpmislata.com\/wordpress\/wp-content\/uploads\/EscolaTreballBarcelona.png\"><\/a><\/td>\n<td style=\"width: 50%; height: 79px;\">\n<ul>\n<li>Institut Escola del Treball de Barcelona.<\/li>\n<\/ul>\n<\/td>\n<\/tr>\n<tr style=\"height: 24px;\">\n<td style=\"width: 50%; height: 24px;\"><a href=\"https:\/\/www.fpmislata.com\/wordpress\/wp-content\/uploads\/Juan-de-Herrera.png\"><img loading=\"lazy\" class=\"aligncenter size-medium wp-image-9991 lazyload\" src=\"data:image\/gif;base64,R0lGODlhAQABAAAAACH5BAEKAAEALAAAAAABAAEAAAICTAEAOw==\" alt=\"\" width=\"104\" height=\"55\" data-src=\"https:\/\/www.fpmislata.com\/wordpress\/wp-content\/uploads\/Juan-de-Herrera.png\"><\/a><\/td>\n<td style=\"width: 50%; height: 24px;\">\n<ul>\n<li>CIFP Juan de Herrera de Valladolid,<\/li>\n<\/ul>\n<\/td>\n<\/tr>\n<tr style=\"height: 24px;\">\n<td style=\"width: 50%; height: 24px;\"><a href=\"https:\/\/www.fpmislata.com\/wordpress\/wp-content\/uploads\/CIPFPMislata.png\"><img loading=\"lazy\" class=\"aligncenter size-medium wp-image-9988 lazyload\" src=\"data:image\/gif;base64,R0lGODlhAQABAAAAACH5BAEKAAEALAAAAAABAAEAAAICTAEAOw==\" alt=\"\" width=\"123\" height=\"44\" data-src=\"https:\/\/www.fpmislata.com\/wordpress\/wp-content\/uploads\/CIPFPMislata.png\"><\/a><\/td>\n<td style=\"width: 50%; height: 24px;\">\n<ul>\n<li>CIPFP Mislata de Mislata (Valencia)<\/li>\n<\/ul>\n<\/td>\n<\/tr>\n<tr style=\"height: 24px;\">\n<td style=\"width: 50%; height: 24px;\"><a href=\"https:\/\/www.fpmislata.com\/wordpress\/wp-content\/uploads\/InstitutTreball.png\"><img loading=\"lazy\" class=\"aligncenter size-medium wp-image-9990 lazyload\" src=\"data:image\/gif;base64,R0lGODlhAQABAAAAACH5BAEKAAEALAAAAAABAAEAAAICTAEAOw==\" alt=\"\" width=\"52\" height=\"51\" data-src=\"https:\/\/www.fpmislata.com\/wordpress\/wp-content\/uploads\/InstitutTreball.png\"><\/a><\/td>\n<td style=\"width: 50%; height: 24px;\">\n<ul>\n<li>Institut Escola del Treball de Lleida,<\/li>\n<\/ul>\n<\/td>\n<\/tr>\n<tr style=\"height: 10px;\">\n<td style=\"width: 50%; height: 10px;\"><a href=\"https:\/\/www.fpmislata.com\/wordpress\/wp-content\/uploads\/Pimec.png\"><img loading=\"lazy\" class=\"aligncenter size-medium wp-image-9985 lazyload\" src=\"data:image\/gif;base64,R0lGODlhAQABAAAAACH5BAEKAAEALAAAAAABAAEAAAICTAEAOw==\" alt=\"\" width=\"74\" height=\"51\" data-src=\"https:\/\/www.fpmislata.com\/wordpress\/wp-content\/uploads\/Pimec.png\"><\/a><\/td>\n<td style=\"width: 50%; height: 10px;\">\n<ul>\n<li>PIMEC (Micro, peque\u00f1a y mitjana empresa de Catalunya)<\/li>\n<\/ul>\n<\/td>\n<\/tr>\n<\/tbody>\n<\/table>\n<p>Este centro participa en Proyectos de Innovaci\u00f3n e Investigaci\u00f3n Aplicada y Transferencia del conocimiento en FP (convocatoria 2021) financiados por:<\/p>\n<p><a href=\"https:\/\/www.fpmislata.com\/wordpress\/wp-content\/uploads\/Ministerio.png\"><img loading=\"lazy\" class=\"size-medium wp-image-9992 alignleft lazyload\" src=\"data:image\/gif;base64,R0lGODlhAQABAAAAACH5BAEKAAEALAAAAAABAAEAAAICTAEAOw==\" alt=\"\" width=\"205\" height=\"49\" data-src=\"https:\/\/www.fpmislata.com\/wordpress\/wp-content\/uploads\/Ministerio.png\"><\/a><a href=\"https:\/\/www.fpmislata.com\/wordpress\/wp-content\/uploads\/PlanREsilencia.png\"><img loading=\"lazy\" class=\"size-medium wp-image-9986 alignleft lazyload\" src=\"data:image\/gif;base64,R0lGODlhAQABAAAAACH5BAEKAAEALAAAAAABAAEAAAICTAEAOw==\" alt=\"\" width=\"170\" height=\"50\" data-src=\"https:\/\/www.fpmislata.com\/wordpress\/wp-content\/uploads\/PlanREsilencia.png\"><\/a><a href=\"https:\/\/www.fpmislata.com\/wordpress\/wp-content\/uploads\/NextGeneration.png\"><img loading=\"lazy\" class=\"size-full wp-image-9983 alignleft lazyload\" src=\"data:image\/gif;base64,R0lGODlhAQABAAAAACH5BAEKAAEALAAAAAABAAEAAAICTAEAOw==\" alt=\"\" width=\"191\" height=\"56\" data-src=\"https:\/\/www.fpmislata.com\/wordpress\/wp-content\/uploads\/NextGeneration.png\"><\/a><\/p>\n<p>&nbsp;<\/p>\n<p>&nbsp;<\/p>\n","protected":false},"excerpt":{"rendered":"<p>El pasado jueves 28 de abril de 2022 tuvo luegar en el centro Escola del Treball de Barcelona, la primera jornada presencial del Proyecto de Innovaci\u00f3n del MEYFP (2021): CREACI\u00d3N DE UN BANCO DE PROYECTOS ABP Y DEM\u00c1S METODOLOG\u00cdAS ACTIVAS DE APRENDIZAJE PARA LA FORMACI\u00d3N PROFESIONAL (BPABP), cofinanciado por la Uni\u00f3n Europea. &nbsp; Es un&hellip;<\/p>\n","protected":false},"author":3,"featured_media":9987,"comment_status":"open","ping_status":"open","sticky":false,"template":"","format":"standard","meta":{"ngg_post_thumbnail":0},"categories":[2,17],"tags":[],"_links":{"self":[{"href":"https:\/\/www.fpmislata.com\/wordpress\/wp-json\/wp\/v2\/posts\/9982"}],"collection":[{"href":"https:\/\/www.fpmislata.com\/wordpress\/wp-json\/wp\/v2\/posts"}],"about":[{"href":"https:\/\/www.fpmislata.com\/wordpress\/wp-json\/wp\/v2\/types\/post"}],"author":[{"embeddable":true,"href":"https:\/\/www.fpmislata.com\/wordpress\/wp-json\/wp\/v2\/users\/3"}],"replies":[{"embeddable":true,"href":"https:\/\/www.fpmislata.com\/wordpress\/wp-json\/wp\/v2\/comments?post=9982"}],"version-history":[{"count":1,"href":"https:\/\/www.fpmislata.com\/wordpress\/wp-json\/wp\/v2\/posts\/9982\/revisions"}],"predecessor-version":[{"id":9993,"href":"https:\/\/www.fpmislata.com\/wordpress\/wp-json\/wp\/v2\/posts\/9982\/revisions\/9993"}],"wp:featuredmedia":[{"embeddable":true,"href":"https:\/\/www.fpmislata.com\/wordpress\/wp-json\/wp\/v2\/media\/9987"}],"wp:attachment":[{"href":"https:\/\/www.fpmislata.com\/wordpress\/wp-json\/wp\/v2\/media?parent=9982"}],"wp:term":[{"taxonomy":"category","embeddable":true,"href":"https:\/\/www.fpmislata.com\/wordpress\/wp-json\/wp\/v2\/categories?post=9982"},{"taxonomy":"post_tag","embeddable":true,"href":"https:\/\/www.fpmislata.com\/wordpress\/wp-json\/wp\/v2\/tags?post=9982"}],"curies":[{"name":"wp","href":"https:\/\/api.w.org\/{rel}","templated":true}]}}